{"id":1768,"date":"2018-05-18T09:28:07","date_gmt":"2018-05-18T07:28:07","guid":{"rendered":"https:\/\/www.schiesser.com\/magazin\/?p=1768"},"modified":"2022-07-01T15:56:39","modified_gmt":"2022-07-01T13:56:39","slug":"personal-fit-die-perfekte-waesche-fuer-aktive-kids","status":"publish","type":"post","link":"https:\/\/www.schiesser.com\/magazin\/personal-fit-die-perfekte-waesche-fuer-aktive-kids\/","title":{"rendered":"Personal Fit &#8211; die perfekte W\u00e4sche f\u00fcr aktive Kids"},"content":{"rendered":"<section class=\"wpb-content-wrapper\"><p>[vc_row][vc_column][vc_column_text]Unsere Lotte war lange Zeit ein Bewegungsmuffel. Ihre bevorzugte Fortbewegungsmethode in den ersten zwei Jahren: Poporutschen. Das Krabbeln hat sie ganz \u00fcbersprungen, denn im Sitzen kam sie ja hervorragend vorw\u00e4rts. Und zwar auf allen Untergr\u00fcnde, vom Teppich \u00fcber Asphalt, Wiese und Sand, kein Problem f\u00fcr Lotte. Wo andere Kinder vom Krabbeln L\u00f6cher an den Knien der Hosen hatten, waren unsere Babyhosen immer mit einem durchgesch\u00fcrften Popo versehen.<!--more-->[\/vc_column_text][\/vc_column][\/vc_row][vc_row][vc_column][vc_column_text]Aber so easy das Poporutschen auch aussah, so leicht war es gar nicht! Es muss ein urkomisches Bild gewesen sein, als Otto und ich neben Lotte versuchten, uns in der gleichen Art und Weise fortzubewegen. Wir kamen ganz sch\u00f6n ins Schwitzen und Otto war so warm, dass er am Ende nur noch in Shorts und Unterhemd \u00fcber den Fu\u00dfboden rutschte. Mit seiner neuen Lieblingsunterw\u00e4sche aus der Personal Fit Serie war dies kein Problem, denn das supersofte Material macht wirklich jeden Quatsch mit. Es ist herrlich elastisch, dabei ganz luftig und leicht, st\u00f6rt nicht und schmiegt sich wie eine zweite Haut an den K\u00f6rper. Ich spreche da aus eigener Erfahrung, denn auch ich liebe die <a href=\"https:\/\/www.schiesser.com\/personal-fit\/\" target=\"_blank\" rel=\"noopener\">Personal Fit W\u00e4sche.<\/a> Schlie\u00dflich kommt man mit den Kids immer wieder mal ins Schwitzen und braucht da Unterw\u00e4sche, die einfach mitspielt \u2013 ob auf dem Spielplatz, beim Wandern oder im Winter als Unterhemd \u2013 Personal Fit ist unser absoluter W\u00e4sche-Joker![\/vc_column_text][vc_single_image image=&#8220;1815&#8243; img_size=&#8220;full&#8220;][\/vc_column][\/vc_row][vc_row][vc_column][vc_column_text]Bei unserer Poporutsch-Aktion klinkte ich mich nach einer Weile lachend aus und sah mir das Schauspiel bei einer Tasse Kaffee vom Esstisch aus weiter an. Und als ich die Kinder so lachend \u00fcber den Fu\u00dfboden tollen sah, waren auch pl\u00f6tzlich alle Sorgen verpufft, dass unsere Lotte zu sp\u00e4t dran war mit ihren Laufversuchen. So war es dann auch, mit exakt zwei Jahren stand das kleine M\u00e4dchen auf und lief. Etwas holprig zwar, wie ein kleiner Roboter, daf\u00fcr aber begeistert und sehr emsig. Und nun holt sie alles nach, rennt und klettert, was das Zeug h\u00e4lt, und will immer mit ihrem gro\u00dfen Bruder mithalten. Es wird also h\u00f6chste Zeit, dass auch Lotte mit neuer Unterw\u00e4sche von Personal Fit ausgestattet wird\u2026[\/vc_column_text][\/vc_column][\/vc_row]<\/p>\n<\/section>","protected":false},"excerpt":{"rendered":"<p>[vc_row][vc_column][vc_column_text]Unsere Lotte war lange Zeit ein Bewegungsmuffel. Ihre bevorzugte Fortbewegungsmethode in den ersten zwei Jahren: Poporutschen. Das Krabbeln hat sie ganz \u00fcbersprungen, denn im Sitzen kam sie ja hervorragend vorw\u00e4rts. Und zwar auf allen Untergr\u00fcnde, vom Teppich \u00fcber Asphalt, Wiese und Sand, kein Problem f\u00fcr Lotte. Wo andere Kinder vom Krabbeln L\u00f6cher an den Knien der Hosen hatten, waren unsere Babyhosen immer mit einem durchgesch\u00fcrften Popo versehen.<\/p>\n","protected":false},"author":6,"featured_media":1815,"comment_status":"open","ping_status":"open","sticky":false,"template":"","format":"standard","meta":[],"categories":[93],"tags":[],"yoast_head":"<!-- This site is optimized with the Yoast SEO plugin v20.2 - https:\/\/yoast.com\/wordpress\/plugins\/seo\/ -->\n<title>Personal Fit Unterw\u00e4sche f\u00fcr Kinder - SCHIESSER Magazin<\/title>\n<meta name=\"description\" content=\"Die perfekte W\u00e4sche f\u00fcr aktive Kids? Personal Fit von SCHIESSER! Luftig leicht, anschmiegsam und f\u00fcr jeden Quatsch zu haben! Jetzt im Magazin lesen!\" \/>\n<meta name=\"robots\" content=\"index, follow, max-snippet:-1, max-image-preview:large, max-video-preview:-1\" \/>\n<link rel=\"canonical\" href=\"https:\/\/www.schiesser.com\/magazin\/personal-fit-die-perfekte-waesche-fuer-aktive-kids\/\" \/>\n<meta property=\"og:locale\" content=\"de_DE\" \/>\n<meta property=\"og:type\" content=\"article\" \/>\n<meta property=\"og:title\" content=\"Personal Fit Unterw\u00e4sche f\u00fcr Kinder - SCHIESSER Magazin\" \/>\n<meta property=\"og:description\" content=\"Die perfekte W\u00e4sche f\u00fcr aktive Kids? Personal Fit von SCHIESSER! Luftig leicht, anschmiegsam und f\u00fcr jeden Quatsch zu haben! Jetzt im Magazin lesen!\" \/>\n<meta property=\"og:url\" content=\"https:\/\/www.schiesser.com\/magazin\/personal-fit-die-perfekte-waesche-fuer-aktive-kids\/\" \/>\n<meta property=\"og:site_name\" content=\"Schiesser\" \/>\n<meta property=\"article:publisher\" content=\"https:\/\/www.facebook.com\/SCHIESSERGmbH1875\" \/>\n<meta property=\"article:published_time\" content=\"2018-05-18T07:28:07+00:00\" \/>\n<meta property=\"article:modified_time\" content=\"2022-07-01T13:56:39+00:00\" \/>\n<meta property=\"og:image\" content=\"https:\/\/www.schiesser.com\/magazin\/wp-content\/uploads\/Personal-Fit-Kids.jpg\" \/>\n\t<meta property=\"og:image:width\" content=\"600\" \/>\n\t<meta property=\"og:image:height\" content=\"400\" \/>\n\t<meta property=\"og:image:type\" content=\"image\/jpeg\" \/>\n<meta name=\"author\" content=\"Schiesser Mama\" \/>\n<meta name=\"twitter:card\" content=\"summary_large_image\" \/>\n<meta name=\"twitter:creator\" content=\"@schiessergmbh\" \/>\n<meta name=\"twitter:site\" content=\"@schiessergmbh\" \/>\n<meta name=\"twitter:label1\" content=\"Verfasst von\" \/>\n\t<meta name=\"twitter:data1\" content=\"Schiesser Mama\" \/>\n\t<meta name=\"twitter:label2\" content=\"Gesch\u00e4tzte Lesezeit\" \/>\n\t<meta name=\"twitter:data2\" content=\"2 Minuten\" \/>\n<script type=\"application\/ld+json\" class=\"yoast-schema-graph\">{\"@context\":\"https:\/\/schema.org\",\"@graph\":[{\"@type\":\"Article\",\"@id\":\"https:\/\/www.schiesser.com\/magazin\/personal-fit-die-perfekte-waesche-fuer-aktive-kids\/#article\",\"isPartOf\":{\"@id\":\"https:\/\/www.schiesser.com\/magazin\/personal-fit-die-perfekte-waesche-fuer-aktive-kids\/\"},\"author\":{\"name\":\"Schiesser Mama\",\"@id\":\"https:\/\/www.schiesser.com\/magazin\/#\/schema\/person\/576be8a06601345bce6b6937149606e7\"},\"headline\":\"Personal Fit &#8211; die perfekte W\u00e4sche f\u00fcr aktive Kids\",\"datePublished\":\"2018-05-18T07:28:07+00:00\",\"dateModified\":\"2022-07-01T13:56:39+00:00\",\"mainEntityOfPage\":{\"@id\":\"https:\/\/www.schiesser.com\/magazin\/personal-fit-die-perfekte-waesche-fuer-aktive-kids\/\"},\"wordCount\":421,\"commentCount\":0,\"publisher\":{\"@id\":\"https:\/\/www.schiesser.com\/magazin\/#organization\"},\"articleSection\":[\"Lifestyle\"],\"inLanguage\":\"de-DE\",\"potentialAction\":[{\"@type\":\"CommentAction\",\"name\":\"Comment\",\"target\":[\"https:\/\/www.schiesser.com\/magazin\/personal-fit-die-perfekte-waesche-fuer-aktive-kids\/#respond\"]}]},{\"@type\":\"WebPage\",\"@id\":\"https:\/\/www.schiesser.com\/magazin\/personal-fit-die-perfekte-waesche-fuer-aktive-kids\/\",\"url\":\"https:\/\/www.schiesser.com\/magazin\/personal-fit-die-perfekte-waesche-fuer-aktive-kids\/\",\"name\":\"Personal Fit Unterw\u00e4sche f\u00fcr Kinder - SCHIESSER Magazin\",\"isPartOf\":{\"@id\":\"https:\/\/www.schiesser.com\/magazin\/#website\"},\"datePublished\":\"2018-05-18T07:28:07+00:00\",\"dateModified\":\"2022-07-01T13:56:39+00:00\",\"description\":\"Die perfekte W\u00e4sche f\u00fcr aktive Kids? Personal Fit von SCHIESSER! Luftig leicht, anschmiegsam und f\u00fcr jeden Quatsch zu haben! Jetzt im Magazin lesen!\",\"breadcrumb\":{\"@id\":\"https:\/\/www.schiesser.com\/magazin\/personal-fit-die-perfekte-waesche-fuer-aktive-kids\/#breadcrumb\"},\"inLanguage\":\"de-DE\",\"potentialAction\":[{\"@type\":\"ReadAction\",\"target\":[\"https:\/\/www.schiesser.com\/magazin\/personal-fit-die-perfekte-waesche-fuer-aktive-kids\/\"]}]},{\"@type\":\"BreadcrumbList\",\"@id\":\"https:\/\/www.schiesser.com\/magazin\/personal-fit-die-perfekte-waesche-fuer-aktive-kids\/#breadcrumb\",\"itemListElement\":[{\"@type\":\"ListItem\",\"position\":1,\"name\":\"Home\",\"item\":\"https:\/\/www.schiesser.com\/magazin\/\"},{\"@type\":\"ListItem\",\"position\":2,\"name\":\"Personal Fit &#8211; die perfekte W\u00e4sche f\u00fcr aktive Kids\"}]},{\"@type\":\"WebSite\",\"@id\":\"https:\/\/www.schiesser.com\/magazin\/#website\",\"url\":\"https:\/\/www.schiesser.com\/magazin\/\",\"name\":\"Schiesser\",\"description\":\"Nat\u00fcrlich. Zeitgeist. Seit 1875\",\"publisher\":{\"@id\":\"https:\/\/www.schiesser.com\/magazin\/#organization\"},\"potentialAction\":[{\"@type\":\"SearchAction\",\"target\":{\"@type\":\"EntryPoint\",\"urlTemplate\":\"https:\/\/www.schiesser.com\/magazin\/?s={search_term_string}\"},\"query-input\":\"required name=search_term_string\"}],\"inLanguage\":\"de-DE\"},{\"@type\":\"Organization\",\"@id\":\"https:\/\/www.schiesser.com\/magazin\/#organization\",\"name\":\"Schiesser GmbH\",\"url\":\"https:\/\/www.schiesser.com\/magazin\/\",\"logo\":{\"@type\":\"ImageObject\",\"inLanguage\":\"de-DE\",\"@id\":\"https:\/\/www.schiesser.com\/magazin\/#\/schema\/logo\/image\/\",\"url\":\"https:\/\/www.schiesser.com\/magazin\/wp-content\/uploads\/logo.png\",\"contentUrl\":\"https:\/\/www.schiesser.com\/magazin\/wp-content\/uploads\/logo.png\",\"width\":245,\"height\":42,\"caption\":\"Schiesser GmbH\"},\"image\":{\"@id\":\"https:\/\/www.schiesser.com\/magazin\/#\/schema\/logo\/image\/\"},\"sameAs\":[\"https:\/\/www.facebook.com\/SCHIESSERGmbH1875\",\"https:\/\/twitter.com\/schiessergmbh\",\"https:\/\/www.instagram.com\/schiesser\/\",\"https:\/\/www.pinterest.de\/schiessergmbh\/\",\"https:\/\/www.youtube.com\/channel\/UCCe2pgIFNVcYnfvpt34fGMw\"]},{\"@type\":\"Person\",\"@id\":\"https:\/\/www.schiesser.com\/magazin\/#\/schema\/person\/576be8a06601345bce6b6937149606e7\",\"name\":\"Schiesser Mama\",\"image\":{\"@type\":\"ImageObject\",\"inLanguage\":\"de-DE\",\"@id\":\"https:\/\/www.schiesser.com\/magazin\/#\/schema\/person\/image\/\",\"url\":\"https:\/\/www.schiesser.com\/magazin\/wp-content\/uploads\/profilesr_mama-100x100.png\",\"contentUrl\":\"https:\/\/www.schiesser.com\/magazin\/wp-content\/uploads\/profilesr_mama-100x100.png\",\"caption\":\"Schiesser Mama\"},\"description\":\"Unsere Schiesser-Mama erz\u00e4hlt uns in heiteren Geschichten von ihrem ganz normalen, tagt\u00e4glichen Wahnsinn mit ihren beiden Kids Lotte (2 Jahre) und Otto (5 Jahre). Zwischen all dem Familienchaos, W\u00e4schebergen und ihrem Job nimmt sie sich mit ihrem Blog eine Auszeit, um Leidensgenossinnen von den kleinen und gro\u00dfen Herausforderungen zu berichten, gibt Tipps &amp; Tricks weiter und bringt uns mit ihren Anekdoten immer wieder zum Schmunzeln.\",\"sameAs\":[\"https:\/\/www.schiesser.com\"],\"url\":\"https:\/\/www.schiesser.com\/magazin\/author\/s-mama\/\"}]}<\/script>\n<!-- \/ Yoast SEO plugin. -->","yoast_head_json":{"title":"Personal Fit Unterw\u00e4sche f\u00fcr Kinder - SCHIESSER Magazin","description":"Die perfekte W\u00e4sche f\u00fcr aktive Kids? Personal Fit von SCHIESSER! Luftig leicht, anschmiegsam und f\u00fcr jeden Quatsch zu haben! Jetzt im Magazin lesen!","robots":{"index":"index","follow":"follow","max-snippet":"max-snippet:-1","max-image-preview":"max-image-preview:large","max-video-preview":"max-video-preview:-1"},"canonical":"https:\/\/www.schiesser.com\/magazin\/personal-fit-die-perfekte-waesche-fuer-aktive-kids\/","og_locale":"de_DE","og_type":"article","og_title":"Personal Fit Unterw\u00e4sche f\u00fcr Kinder - SCHIESSER Magazin","og_description":"Die perfekte W\u00e4sche f\u00fcr aktive Kids? Personal Fit von SCHIESSER! Luftig leicht, anschmiegsam und f\u00fcr jeden Quatsch zu haben! Jetzt im Magazin lesen!","og_url":"https:\/\/www.schiesser.com\/magazin\/personal-fit-die-perfekte-waesche-fuer-aktive-kids\/","og_site_name":"Schiesser","article_publisher":"https:\/\/www.facebook.com\/SCHIESSERGmbH1875","article_published_time":"2018-05-18T07:28:07+00:00","article_modified_time":"2022-07-01T13:56:39+00:00","og_image":[{"width":600,"height":400,"url":"https:\/\/www.schiesser.com\/magazin\/wp-content\/uploads\/Personal-Fit-Kids.jpg","type":"image\/jpeg"}],"author":"Schiesser Mama","twitter_card":"summary_large_image","twitter_creator":"@schiessergmbh","twitter_site":"@schiessergmbh","twitter_misc":{"Verfasst von":"Schiesser Mama","Gesch\u00e4tzte Lesezeit":"2 Minuten"},"schema":{"@context":"https:\/\/schema.org","@graph":[{"@type":"Article","@id":"https:\/\/www.schiesser.com\/magazin\/personal-fit-die-perfekte-waesche-fuer-aktive-kids\/#article","isPartOf":{"@id":"https:\/\/www.schiesser.com\/magazin\/personal-fit-die-perfekte-waesche-fuer-aktive-kids\/"},"author":{"name":"Schiesser Mama","@id":"https:\/\/www.schiesser.com\/magazin\/#\/schema\/person\/576be8a06601345bce6b6937149606e7"},"headline":"Personal Fit &#8211; die perfekte W\u00e4sche f\u00fcr aktive Kids","datePublished":"2018-05-18T07:28:07+00:00","dateModified":"2022-07-01T13:56:39+00:00","mainEntityOfPage":{"@id":"https:\/\/www.schiesser.com\/magazin\/personal-fit-die-perfekte-waesche-fuer-aktive-kids\/"},"wordCount":421,"commentCount":0,"publisher":{"@id":"https:\/\/www.schiesser.com\/magazin\/#organization"},"articleSection":["Lifestyle"],"inLanguage":"de-DE","potentialAction":[{"@type":"CommentAction","name":"Comment","target":["https:\/\/www.schiesser.com\/magazin\/personal-fit-die-perfekte-waesche-fuer-aktive-kids\/#respond"]}]},{"@type":"WebPage","@id":"https:\/\/www.schiesser.com\/magazin\/personal-fit-die-perfekte-waesche-fuer-aktive-kids\/","url":"https:\/\/www.schiesser.com\/magazin\/personal-fit-die-perfekte-waesche-fuer-aktive-kids\/","name":"Personal Fit Unterw\u00e4sche f\u00fcr Kinder - SCHIESSER Magazin","isPartOf":{"@id":"https:\/\/www.schiesser.com\/magazin\/#website"},"datePublished":"2018-05-18T07:28:07+00:00","dateModified":"2022-07-01T13:56:39+00:00","description":"Die perfekte W\u00e4sche f\u00fcr aktive Kids? Personal Fit von SCHIESSER! Luftig leicht, anschmiegsam und f\u00fcr jeden Quatsch zu haben! Jetzt im Magazin lesen!","breadcrumb":{"@id":"https:\/\/www.schiesser.com\/magazin\/personal-fit-die-perfekte-waesche-fuer-aktive-kids\/#breadcrumb"},"inLanguage":"de-DE","potentialAction":[{"@type":"ReadAction","target":["https:\/\/www.schiesser.com\/magazin\/personal-fit-die-perfekte-waesche-fuer-aktive-kids\/"]}]},{"@type":"BreadcrumbList","@id":"https:\/\/www.schiesser.com\/magazin\/personal-fit-die-perfekte-waesche-fuer-aktive-kids\/#breadcrumb","itemListElement":[{"@type":"ListItem","position":1,"name":"Home","item":"https:\/\/www.schiesser.com\/magazin\/"},{"@type":"ListItem","position":2,"name":"Personal Fit &#8211; die perfekte W\u00e4sche f\u00fcr aktive Kids"}]},{"@type":"WebSite","@id":"https:\/\/www.schiesser.com\/magazin\/#website","url":"https:\/\/www.schiesser.com\/magazin\/","name":"Schiesser","description":"Nat\u00fcrlich. Zeitgeist. Seit 1875","publisher":{"@id":"https:\/\/www.schiesser.com\/magazin\/#organization"},"potentialAction":[{"@type":"SearchAction","target":{"@type":"EntryPoint","urlTemplate":"https:\/\/www.schiesser.com\/magazin\/?s={search_term_string}"},"query-input":"required name=search_term_string"}],"inLanguage":"de-DE"},{"@type":"Organization","@id":"https:\/\/www.schiesser.com\/magazin\/#organization","name":"Schiesser GmbH","url":"https:\/\/www.schiesser.com\/magazin\/","logo":{"@type":"ImageObject","inLanguage":"de-DE","@id":"https:\/\/www.schiesser.com\/magazin\/#\/schema\/logo\/image\/","url":"https:\/\/www.schiesser.com\/magazin\/wp-content\/uploads\/logo.png","contentUrl":"https:\/\/www.schiesser.com\/magazin\/wp-content\/uploads\/logo.png","width":245,"height":42,"caption":"Schiesser GmbH"},"image":{"@id":"https:\/\/www.schiesser.com\/magazin\/#\/schema\/logo\/image\/"},"sameAs":["https:\/\/www.facebook.com\/SCHIESSERGmbH1875","https:\/\/twitter.com\/schiessergmbh","https:\/\/www.instagram.com\/schiesser\/","https:\/\/www.pinterest.de\/schiessergmbh\/","https:\/\/www.youtube.com\/channel\/UCCe2pgIFNVcYnfvpt34fGMw"]},{"@type":"Person","@id":"https:\/\/www.schiesser.com\/magazin\/#\/schema\/person\/576be8a06601345bce6b6937149606e7","name":"Schiesser Mama","image":{"@type":"ImageObject","inLanguage":"de-DE","@id":"https:\/\/www.schiesser.com\/magazin\/#\/schema\/person\/image\/","url":"https:\/\/www.schiesser.com\/magazin\/wp-content\/uploads\/profilesr_mama-100x100.png","contentUrl":"https:\/\/www.schiesser.com\/magazin\/wp-content\/uploads\/profilesr_mama-100x100.png","caption":"Schiesser Mama"},"description":"Unsere Schiesser-Mama erz\u00e4hlt uns in heiteren Geschichten von ihrem ganz normalen, tagt\u00e4glichen Wahnsinn mit ihren beiden Kids Lotte (2 Jahre) und Otto (5 Jahre). Zwischen all dem Familienchaos, W\u00e4schebergen und ihrem Job nimmt sie sich mit ihrem Blog eine Auszeit, um Leidensgenossinnen von den kleinen und gro\u00dfen Herausforderungen zu berichten, gibt Tipps &amp; Tricks weiter und bringt uns mit ihren Anekdoten immer wieder zum Schmunzeln.","sameAs":["https:\/\/www.schiesser.com"],"url":"https:\/\/www.schiesser.com\/magazin\/author\/s-mama\/"}]}},"_links":{"self":[{"href":"https:\/\/www.schiesser.com\/magazin\/wp-json\/wp\/v2\/posts\/1768"}],"collection":[{"href":"https:\/\/www.schiesser.com\/magazin\/wp-json\/wp\/v2\/posts"}],"about":[{"href":"https:\/\/www.schiesser.com\/magazin\/wp-json\/wp\/v2\/types\/post"}],"author":[{"embeddable":true,"href":"https:\/\/www.schiesser.com\/magazin\/wp-json\/wp\/v2\/users\/6"}],"replies":[{"embeddable":true,"href":"https:\/\/www.schiesser.com\/magazin\/wp-json\/wp\/v2\/comments?post=1768"}],"version-history":[{"count":6,"href":"https:\/\/www.schiesser.com\/magazin\/wp-json\/wp\/v2\/posts\/1768\/revisions"}],"predecessor-version":[{"id":1770,"href":"https:\/\/www.schiesser.com\/magazin\/wp-json\/wp\/v2\/posts\/1768\/revisions\/1770"}],"wp:featuredmedia":[{"embeddable":true,"href":"https:\/\/www.schiesser.com\/magazin\/wp-json\/wp\/v2\/media\/1815"}],"wp:attachment":[{"href":"https:\/\/www.schiesser.com\/magazin\/wp-json\/wp\/v2\/media?parent=1768"}],"wp:term":[{"taxonomy":"category","embeddable":true,"href":"https:\/\/www.schiesser.com\/magazin\/wp-json\/wp\/v2\/categories?post=1768"},{"taxonomy":"post_tag","embeddable":true,"href":"https:\/\/www.schiesser.com\/magazin\/wp-json\/wp\/v2\/tags?post=1768"}],"curies":[{"name":"wp","href":"https:\/\/api.w.org\/{rel}","templated":true}]}}