{"id":1773,"date":"2018-05-11T20:37:53","date_gmt":"2018-05-11T18:37:53","guid":{"rendered":"https:\/\/www.schiesser.com\/magazin\/?p=1773"},"modified":"2022-07-01T15:58:38","modified_gmt":"2022-07-01T13:58:38","slug":"we-are-family-vater-und-muttertag-mal-ganz-anders","status":"publish","type":"post","link":"https:\/\/www.schiesser.com\/magazin\/we-are-family-vater-und-muttertag-mal-ganz-anders\/","title":{"rendered":"We are Family: Vater- und Muttertag mal ganz anders"},"content":{"rendered":"<section class=\"wpb-content-wrapper\"><p>[vc_row][vc_column][vc_column_text]Ganz traditionell haben mein Mann und ich am Vater- bzw. Muttertag einen ganzen Tag \u201efrei\u201c \u2013 nur f\u00fcr uns, jeder darf frei w\u00e4hlen, was er an diesem einen besonderen Tag gerne machen m\u00f6chte. Ich habe mich beispielsweise in den letzten Jahren immer mit meiner besten Freundin Steffi im Spa verw\u00f6hnen lassen, w\u00e4hrend mein Mann mit seinen Jungs auf Wandertour gezogen ist. Dieses Jahr jedoch wird es ein wenig kniffliger mit der guten, alten Tradition, denn wir sind ausgerechnet zu Vater- und Muttertag im Urlaub am Meer.<!--more-->[\/vc_column_text][\/vc_column][\/vc_row][vc_row][vc_column][vc_single_image image=&#8220;1827&#8243; img_size=&#8220;full&#8220;][vc_column_text]Nun gut, da wird es nat\u00fcrlich schwierig mit dem Wellness-Tag und auch die Wanderung mit Freunden ist nicht drin. Also haben wir uns vorgenommen, beide Tage als ganz besonderen Familientag zu gestalten mit dem feinen Unterschied, dass nicht die Kids \u00fcber das Programm entscheiden, sondern wir Gro\u00dfen. Angefangen beim Vatertag, den mein Mann sich wie folgt vorgestellt hat: Nach dem Fr\u00fchst\u00fcck schnappen wir uns <a href=\"https:\/\/www.schiesser.com\/herrenbekleidung-bademode-badeshorts-swimshorts-webware-blau-gestreift-aqua-miami.html\" target=\"_blank\" rel=\"noopener\">Badeshorts<\/a>, <a href=\"https:\/\/www.schiesser.com\/kinderbekleidung-jungen-bademode-badeshirts-badeshirt-langarm-lsf40-wellenmuster-tuerkis-wal-willy.html\" target=\"_blank\" rel=\"noopener\">Badeshirt<\/a>, <a href=\"https:\/\/www.schiesser.com\/damenbekleidung-bademode-bikini-bikini-neckholder-top-wende-top-mosaik-mehrfarbig-aqua-rimini.html\" target=\"_blank\" rel=\"noopener\">Bikini<\/a> und <a href=\"https:\/\/www.schiesser.com\/kinderbekleidung-babys-bademode-baby-badeanzug-lsf40-mint-seepferdchen-selina.html\" target=\"_blank\" rel=\"noopener\">Badeanzug<\/a> und fahren an den Strand. Dort gehen Otto und er erst einmal eine Runde schnorcheln, w\u00e4hrend wir M\u00e4dels schon nach der n\u00e4chstgelegenen Beachbar Ausschau halten. Im Anschluss gibt es dann genau in dieser Bar einen leckeren Cocktail, f\u00fcr die Kinder ein Eis \u2013 ja, vor dem Mittagessen, v\u00f6llig egal! Im Anschluss bauen wir am Strand die gr\u00f6\u00dfte Sandburg \u00fcberhaupt. Das dauert wahrscheinlich bis zum Nachmittag. Aber wir lassen uns Zeit, schauen nicht auf die Uhr und wenn wir Hunger haben, ziehen wir uns die <a href=\"https:\/\/www.schiesser.com\/herrenbekleidung-bademode-accessoires-zehentrenner-blaugrau-aqua.html\" target=\"_blank\" rel=\"noopener\">Zehentrenner<\/a>, <a href=\"https:\/\/www.schiesser.com\/damenbekleidung-bademode-tankini-pareo-rot-aqua.html\" target=\"_blank\" rel=\"noopener\">den Pareo<\/a> und <a href=\"https:\/\/www.schiesser.com\/kinderbekleidung-jungen-bademode-bademaentel-baby-badeponcho-frottee-kapuze-tuerkis-wal-willy.html\" target=\"_blank\" rel=\"noopener\">Badeponcho<\/a> \u00fcber und essen Burger und Pommes in der Beachbar. Danach legen wir uns alle mit dicken B\u00e4uchen in das Strandzelt und machen ein Nickerchen. Und dann leihen wir uns ein Tretboot aus und fahren raus aufs Meer. Wir bleiben so lange wir wollen und schauen nicht auf die Uhr.[\/vc_column_text][\/vc_column][\/vc_row][vc_row][vc_column][vc_column_text]Nun gut, klingt nach einem entspannten Tag \u2013 wenn ich auch beim Gedanken, nicht auf die Uhr sehen zu d\u00fcrfen, leicht nerv\u00f6s wurde. Aber wider Erwarten klappte es so gut, dass wir alle eine wundervolle Zeit hatten. Die Kinder waren begeistert, so dass auch ich kurzerhand meine Pl\u00e4ne umschmiss und von dem Schaufensterbummel und Eisessen in der City auf exakt so einen Beachtag umplante. Schlie\u00dflich ist es das doch, was man im Urlaub machen sollte: relaxen, Zeit mit der Familie verbringen und nicht auf die Uhr schauen.<\/p>\n<p>Mein Mann und ich haben im \u00dcbrigen beschlossen, eine neue Familien-Tradition einzuf\u00fchren: Wenn es geht, werden wir ab sofort immer gemeinsam am Vater- und Muttertag verreisen \u2013 nur wir vier und ganz ohne Armbanduhr!<\/p>\n<p>&nbsp;<\/p>\n<h1 style=\"text-align: center;\">Wir w\u00fcnschen allen Mamas und Papas einen wundersch\u00f6nen Vater- und Muttertag!<\/h1>\n<p>[\/vc_column_text][\/vc_column][\/vc_row]<\/p>\n<\/section>","protected":false},"excerpt":{"rendered":"<p>[vc_row][vc_column][vc_column_text]Ganz traditionell haben mein Mann und ich am Vater- bzw. Muttertag einen ganzen Tag \u201efrei\u201c \u2013 nur f\u00fcr uns, jeder darf frei w\u00e4hlen, was er an diesem einen besonderen Tag gerne machen m\u00f6chte. Ich habe mich beispielsweise in den letzten Jahren immer mit meiner besten Freundin Steffi im Spa verw\u00f6hnen lassen, w\u00e4hrend mein Mann mit seinen Jungs auf Wandertour gezogen ist. Dieses Jahr jedoch wird es ein wenig kniffliger mit der guten, alten Tradition, denn wir sind ausgerechnet zu Vater- und Muttertag im Urlaub am Meer.<\/p>\n","protected":false},"author":6,"featured_media":1827,"comment_status":"open","ping_status":"open","sticky":false,"template":"","format":"standard","meta":[],"categories":[93],"tags":[],"yoast_head":"<!-- This site is optimized with the Yoast SEO plugin v20.2 - https:\/\/yoast.com\/wordpress\/plugins\/seo\/ -->\n<title>Vater- und Muttertag mal ganz anders - SCHIESSER Magazin<\/title>\n<meta name=\"description\" content=\"Der perfekte Vater- und Muttertag? Am Strand mit der Family! Ganz entspannt und ohne auf die Uhr zu schauen! Die ganze Story jetzt im SCHIESSER Magazin lesen!\" \/>\n<meta name=\"robots\" content=\"index, follow, max-snippet:-1, max-image-preview:large, max-video-preview:-1\" \/>\n<link rel=\"canonical\" href=\"https:\/\/www.schiesser.com\/magazin\/we-are-family-vater-und-muttertag-mal-ganz-anders\/\" \/>\n<meta property=\"og:locale\" content=\"de_DE\" \/>\n<meta property=\"og:type\" content=\"article\" \/>\n<meta property=\"og:title\" content=\"Vater- und Muttertag mal ganz anders - SCHIESSER Magazin\" \/>\n<meta property=\"og:description\" content=\"Der perfekte Vater- und Muttertag? Am Strand mit der Family! Ganz entspannt und ohne auf die Uhr zu schauen! Die ganze Story jetzt im SCHIESSER Magazin lesen!\" \/>\n<meta property=\"og:url\" content=\"https:\/\/www.schiesser.com\/magazin\/we-are-family-vater-und-muttertag-mal-ganz-anders\/\" \/>\n<meta property=\"og:site_name\" content=\"Schiesser\" \/>\n<meta property=\"article:publisher\" content=\"https:\/\/www.facebook.com\/SCHIESSERGmbH1875\" \/>\n<meta property=\"article:published_time\" content=\"2018-05-11T18:37:53+00:00\" \/>\n<meta property=\"article:modified_time\" content=\"2022-07-01T13:58:38+00:00\" \/>\n<meta property=\"og:image\" content=\"https:\/\/www.schiesser.com\/magazin\/wp-content\/uploads\/Muttertag.jpg\" \/>\n\t<meta property=\"og:image:width\" content=\"600\" \/>\n\t<meta property=\"og:image:height\" content=\"400\" \/>\n\t<meta property=\"og:image:type\" content=\"image\/jpeg\" \/>\n<meta name=\"author\" content=\"Schiesser Mama\" \/>\n<meta name=\"twitter:card\" content=\"summary_large_image\" \/>\n<meta name=\"twitter:creator\" content=\"@schiessergmbh\" \/>\n<meta name=\"twitter:site\" content=\"@schiessergmbh\" \/>\n<meta name=\"twitter:label1\" content=\"Verfasst von\" \/>\n\t<meta name=\"twitter:data1\" content=\"Schiesser Mama\" \/>\n\t<meta name=\"twitter:label2\" content=\"Gesch\u00e4tzte Lesezeit\" \/>\n\t<meta name=\"twitter:data2\" content=\"2 Minuten\" \/>\n<script type=\"application\/ld+json\" class=\"yoast-schema-graph\">{\"@context\":\"https:\/\/schema.org\",\"@graph\":[{\"@type\":\"Article\",\"@id\":\"https:\/\/www.schiesser.com\/magazin\/we-are-family-vater-und-muttertag-mal-ganz-anders\/#article\",\"isPartOf\":{\"@id\":\"https:\/\/www.schiesser.com\/magazin\/we-are-family-vater-und-muttertag-mal-ganz-anders\/\"},\"author\":{\"name\":\"Schiesser Mama\",\"@id\":\"https:\/\/www.schiesser.com\/magazin\/#\/schema\/person\/576be8a06601345bce6b6937149606e7\"},\"headline\":\"We are Family: Vater- und Muttertag mal ganz anders\",\"datePublished\":\"2018-05-11T18:37:53+00:00\",\"dateModified\":\"2022-07-01T13:58:38+00:00\",\"mainEntityOfPage\":{\"@id\":\"https:\/\/www.schiesser.com\/magazin\/we-are-family-vater-und-muttertag-mal-ganz-anders\/\"},\"wordCount\":503,\"commentCount\":0,\"publisher\":{\"@id\":\"https:\/\/www.schiesser.com\/magazin\/#organization\"},\"articleSection\":[\"Lifestyle\"],\"inLanguage\":\"de-DE\",\"potentialAction\":[{\"@type\":\"CommentAction\",\"name\":\"Comment\",\"target\":[\"https:\/\/www.schiesser.com\/magazin\/we-are-family-vater-und-muttertag-mal-ganz-anders\/#respond\"]}]},{\"@type\":\"WebPage\",\"@id\":\"https:\/\/www.schiesser.com\/magazin\/we-are-family-vater-und-muttertag-mal-ganz-anders\/\",\"url\":\"https:\/\/www.schiesser.com\/magazin\/we-are-family-vater-und-muttertag-mal-ganz-anders\/\",\"name\":\"Vater- und Muttertag mal ganz anders - SCHIESSER Magazin\",\"isPartOf\":{\"@id\":\"https:\/\/www.schiesser.com\/magazin\/#website\"},\"datePublished\":\"2018-05-11T18:37:53+00:00\",\"dateModified\":\"2022-07-01T13:58:38+00:00\",\"description\":\"Der perfekte Vater- und Muttertag? Am Strand mit der Family! Ganz entspannt und ohne auf die Uhr zu schauen! Die ganze Story jetzt im SCHIESSER Magazin lesen!\",\"breadcrumb\":{\"@id\":\"https:\/\/www.schiesser.com\/magazin\/we-are-family-vater-und-muttertag-mal-ganz-anders\/#breadcrumb\"},\"inLanguage\":\"de-DE\",\"potentialAction\":[{\"@type\":\"ReadAction\",\"target\":[\"https:\/\/www.schiesser.com\/magazin\/we-are-family-vater-und-muttertag-mal-ganz-anders\/\"]}]},{\"@type\":\"BreadcrumbList\",\"@id\":\"https:\/\/www.schiesser.com\/magazin\/we-are-family-vater-und-muttertag-mal-ganz-anders\/#breadcrumb\",\"itemListElement\":[{\"@type\":\"ListItem\",\"position\":1,\"name\":\"Home\",\"item\":\"https:\/\/www.schiesser.com\/magazin\/\"},{\"@type\":\"ListItem\",\"position\":2,\"name\":\"We are Family: Vater- und Muttertag mal ganz anders\"}]},{\"@type\":\"WebSite\",\"@id\":\"https:\/\/www.schiesser.com\/magazin\/#website\",\"url\":\"https:\/\/www.schiesser.com\/magazin\/\",\"name\":\"Schiesser\",\"description\":\"Nat\u00fcrlich. Zeitgeist. Seit 1875\",\"publisher\":{\"@id\":\"https:\/\/www.schiesser.com\/magazin\/#organization\"},\"potentialAction\":[{\"@type\":\"SearchAction\",\"target\":{\"@type\":\"EntryPoint\",\"urlTemplate\":\"https:\/\/www.schiesser.com\/magazin\/?s={search_term_string}\"},\"query-input\":\"required name=search_term_string\"}],\"inLanguage\":\"de-DE\"},{\"@type\":\"Organization\",\"@id\":\"https:\/\/www.schiesser.com\/magazin\/#organization\",\"name\":\"Schiesser GmbH\",\"url\":\"https:\/\/www.schiesser.com\/magazin\/\",\"logo\":{\"@type\":\"ImageObject\",\"inLanguage\":\"de-DE\",\"@id\":\"https:\/\/www.schiesser.com\/magazin\/#\/schema\/logo\/image\/\",\"url\":\"https:\/\/www.schiesser.com\/magazin\/wp-content\/uploads\/logo.png\",\"contentUrl\":\"https:\/\/www.schiesser.com\/magazin\/wp-content\/uploads\/logo.png\",\"width\":245,\"height\":42,\"caption\":\"Schiesser GmbH\"},\"image\":{\"@id\":\"https:\/\/www.schiesser.com\/magazin\/#\/schema\/logo\/image\/\"},\"sameAs\":[\"https:\/\/www.facebook.com\/SCHIESSERGmbH1875\",\"https:\/\/twitter.com\/schiessergmbh\",\"https:\/\/www.instagram.com\/schiesser\/\",\"https:\/\/www.pinterest.de\/schiessergmbh\/\",\"https:\/\/www.youtube.com\/channel\/UCCe2pgIFNVcYnfvpt34fGMw\"]},{\"@type\":\"Person\",\"@id\":\"https:\/\/www.schiesser.com\/magazin\/#\/schema\/person\/576be8a06601345bce6b6937149606e7\",\"name\":\"Schiesser Mama\",\"image\":{\"@type\":\"ImageObject\",\"inLanguage\":\"de-DE\",\"@id\":\"https:\/\/www.schiesser.com\/magazin\/#\/schema\/person\/image\/\",\"url\":\"https:\/\/www.schiesser.com\/magazin\/wp-content\/uploads\/profilesr_mama-100x100.png\",\"contentUrl\":\"https:\/\/www.schiesser.com\/magazin\/wp-content\/uploads\/profilesr_mama-100x100.png\",\"caption\":\"Schiesser Mama\"},\"description\":\"Unsere Schiesser-Mama erz\u00e4hlt uns in heiteren Geschichten von ihrem ganz normalen, tagt\u00e4glichen Wahnsinn mit ihren beiden Kids Lotte (2 Jahre) und Otto (5 Jahre). Zwischen all dem Familienchaos, W\u00e4schebergen und ihrem Job nimmt sie sich mit ihrem Blog eine Auszeit, um Leidensgenossinnen von den kleinen und gro\u00dfen Herausforderungen zu berichten, gibt Tipps &amp; Tricks weiter und bringt uns mit ihren Anekdoten immer wieder zum Schmunzeln.\",\"sameAs\":[\"https:\/\/www.schiesser.com\"],\"url\":\"https:\/\/www.schiesser.com\/magazin\/author\/s-mama\/\"}]}<\/script>\n<!-- \/ Yoast SEO plugin. -->","yoast_head_json":{"title":"Vater- und Muttertag mal ganz anders - SCHIESSER Magazin","description":"Der perfekte Vater- und Muttertag? Am Strand mit der Family! Ganz entspannt und ohne auf die Uhr zu schauen! Die ganze Story jetzt im SCHIESSER Magazin lesen!","robots":{"index":"index","follow":"follow","max-snippet":"max-snippet:-1","max-image-preview":"max-image-preview:large","max-video-preview":"max-video-preview:-1"},"canonical":"https:\/\/www.schiesser.com\/magazin\/we-are-family-vater-und-muttertag-mal-ganz-anders\/","og_locale":"de_DE","og_type":"article","og_title":"Vater- und Muttertag mal ganz anders - SCHIESSER Magazin","og_description":"Der perfekte Vater- und Muttertag? Am Strand mit der Family! Ganz entspannt und ohne auf die Uhr zu schauen! Die ganze Story jetzt im SCHIESSER Magazin lesen!","og_url":"https:\/\/www.schiesser.com\/magazin\/we-are-family-vater-und-muttertag-mal-ganz-anders\/","og_site_name":"Schiesser","article_publisher":"https:\/\/www.facebook.com\/SCHIESSERGmbH1875","article_published_time":"2018-05-11T18:37:53+00:00","article_modified_time":"2022-07-01T13:58:38+00:00","og_image":[{"width":600,"height":400,"url":"https:\/\/www.schiesser.com\/magazin\/wp-content\/uploads\/Muttertag.jpg","type":"image\/jpeg"}],"author":"Schiesser Mama","twitter_card":"summary_large_image","twitter_creator":"@schiessergmbh","twitter_site":"@schiessergmbh","twitter_misc":{"Verfasst von":"Schiesser Mama","Gesch\u00e4tzte Lesezeit":"2 Minuten"},"schema":{"@context":"https:\/\/schema.org","@graph":[{"@type":"Article","@id":"https:\/\/www.schiesser.com\/magazin\/we-are-family-vater-und-muttertag-mal-ganz-anders\/#article","isPartOf":{"@id":"https:\/\/www.schiesser.com\/magazin\/we-are-family-vater-und-muttertag-mal-ganz-anders\/"},"author":{"name":"Schiesser Mama","@id":"https:\/\/www.schiesser.com\/magazin\/#\/schema\/person\/576be8a06601345bce6b6937149606e7"},"headline":"We are Family: Vater- und Muttertag mal ganz anders","datePublished":"2018-05-11T18:37:53+00:00","dateModified":"2022-07-01T13:58:38+00:00","mainEntityOfPage":{"@id":"https:\/\/www.schiesser.com\/magazin\/we-are-family-vater-und-muttertag-mal-ganz-anders\/"},"wordCount":503,"commentCount":0,"publisher":{"@id":"https:\/\/www.schiesser.com\/magazin\/#organization"},"articleSection":["Lifestyle"],"inLanguage":"de-DE","potentialAction":[{"@type":"CommentAction","name":"Comment","target":["https:\/\/www.schiesser.com\/magazin\/we-are-family-vater-und-muttertag-mal-ganz-anders\/#respond"]}]},{"@type":"WebPage","@id":"https:\/\/www.schiesser.com\/magazin\/we-are-family-vater-und-muttertag-mal-ganz-anders\/","url":"https:\/\/www.schiesser.com\/magazin\/we-are-family-vater-und-muttertag-mal-ganz-anders\/","name":"Vater- und Muttertag mal ganz anders - SCHIESSER Magazin","isPartOf":{"@id":"https:\/\/www.schiesser.com\/magazin\/#website"},"datePublished":"2018-05-11T18:37:53+00:00","dateModified":"2022-07-01T13:58:38+00:00","description":"Der perfekte Vater- und Muttertag? Am Strand mit der Family! Ganz entspannt und ohne auf die Uhr zu schauen! Die ganze Story jetzt im SCHIESSER Magazin lesen!","breadcrumb":{"@id":"https:\/\/www.schiesser.com\/magazin\/we-are-family-vater-und-muttertag-mal-ganz-anders\/#breadcrumb"},"inLanguage":"de-DE","potentialAction":[{"@type":"ReadAction","target":["https:\/\/www.schiesser.com\/magazin\/we-are-family-vater-und-muttertag-mal-ganz-anders\/"]}]},{"@type":"BreadcrumbList","@id":"https:\/\/www.schiesser.com\/magazin\/we-are-family-vater-und-muttertag-mal-ganz-anders\/#breadcrumb","itemListElement":[{"@type":"ListItem","position":1,"name":"Home","item":"https:\/\/www.schiesser.com\/magazin\/"},{"@type":"ListItem","position":2,"name":"We are Family: Vater- und Muttertag mal ganz anders"}]},{"@type":"WebSite","@id":"https:\/\/www.schiesser.com\/magazin\/#website","url":"https:\/\/www.schiesser.com\/magazin\/","name":"Schiesser","description":"Nat\u00fcrlich. Zeitgeist. Seit 1875","publisher":{"@id":"https:\/\/www.schiesser.com\/magazin\/#organization"},"potentialAction":[{"@type":"SearchAction","target":{"@type":"EntryPoint","urlTemplate":"https:\/\/www.schiesser.com\/magazin\/?s={search_term_string}"},"query-input":"required name=search_term_string"}],"inLanguage":"de-DE"},{"@type":"Organization","@id":"https:\/\/www.schiesser.com\/magazin\/#organization","name":"Schiesser GmbH","url":"https:\/\/www.schiesser.com\/magazin\/","logo":{"@type":"ImageObject","inLanguage":"de-DE","@id":"https:\/\/www.schiesser.com\/magazin\/#\/schema\/logo\/image\/","url":"https:\/\/www.schiesser.com\/magazin\/wp-content\/uploads\/logo.png","contentUrl":"https:\/\/www.schiesser.com\/magazin\/wp-content\/uploads\/logo.png","width":245,"height":42,"caption":"Schiesser GmbH"},"image":{"@id":"https:\/\/www.schiesser.com\/magazin\/#\/schema\/logo\/image\/"},"sameAs":["https:\/\/www.facebook.com\/SCHIESSERGmbH1875","https:\/\/twitter.com\/schiessergmbh","https:\/\/www.instagram.com\/schiesser\/","https:\/\/www.pinterest.de\/schiessergmbh\/","https:\/\/www.youtube.com\/channel\/UCCe2pgIFNVcYnfvpt34fGMw"]},{"@type":"Person","@id":"https:\/\/www.schiesser.com\/magazin\/#\/schema\/person\/576be8a06601345bce6b6937149606e7","name":"Schiesser Mama","image":{"@type":"ImageObject","inLanguage":"de-DE","@id":"https:\/\/www.schiesser.com\/magazin\/#\/schema\/person\/image\/","url":"https:\/\/www.schiesser.com\/magazin\/wp-content\/uploads\/profilesr_mama-100x100.png","contentUrl":"https:\/\/www.schiesser.com\/magazin\/wp-content\/uploads\/profilesr_mama-100x100.png","caption":"Schiesser Mama"},"description":"Unsere Schiesser-Mama erz\u00e4hlt uns in heiteren Geschichten von ihrem ganz normalen, tagt\u00e4glichen Wahnsinn mit ihren beiden Kids Lotte (2 Jahre) und Otto (5 Jahre). Zwischen all dem Familienchaos, W\u00e4schebergen und ihrem Job nimmt sie sich mit ihrem Blog eine Auszeit, um Leidensgenossinnen von den kleinen und gro\u00dfen Herausforderungen zu berichten, gibt Tipps &amp; Tricks weiter und bringt uns mit ihren Anekdoten immer wieder zum Schmunzeln.","sameAs":["https:\/\/www.schiesser.com"],"url":"https:\/\/www.schiesser.com\/magazin\/author\/s-mama\/"}]}},"_links":{"self":[{"href":"https:\/\/www.schiesser.com\/magazin\/wp-json\/wp\/v2\/posts\/1773"}],"collection":[{"href":"https:\/\/www.schiesser.com\/magazin\/wp-json\/wp\/v2\/posts"}],"about":[{"href":"https:\/\/www.schiesser.com\/magazin\/wp-json\/wp\/v2\/types\/post"}],"author":[{"embeddable":true,"href":"https:\/\/www.schiesser.com\/magazin\/wp-json\/wp\/v2\/users\/6"}],"replies":[{"embeddable":true,"href":"https:\/\/www.schiesser.com\/magazin\/wp-json\/wp\/v2\/comments?post=1773"}],"version-history":[{"count":11,"href":"https:\/\/www.schiesser.com\/magazin\/wp-json\/wp\/v2\/posts\/1773\/revisions"}],"predecessor-version":[{"id":1838,"href":"https:\/\/www.schiesser.com\/magazin\/wp-json\/wp\/v2\/posts\/1773\/revisions\/1838"}],"wp:featuredmedia":[{"embeddable":true,"href":"https:\/\/www.schiesser.com\/magazin\/wp-json\/wp\/v2\/media\/1827"}],"wp:attachment":[{"href":"https:\/\/www.schiesser.com\/magazin\/wp-json\/wp\/v2\/media?parent=1773"}],"wp:term":[{"taxonomy":"category","embeddable":true,"href":"https:\/\/www.schiesser.com\/magazin\/wp-json\/wp\/v2\/categories?post=1773"},{"taxonomy":"post_tag","embeddable":true,"href":"https:\/\/www.schiesser.com\/magazin\/wp-json\/wp\/v2\/tags?post=1773"}],"curies":[{"name":"wp","href":"https:\/\/api.w.org\/{rel}","templated":true}]}}