{"id":2111,"date":"2018-11-02T09:23:16","date_gmt":"2018-11-02T08:23:16","guid":{"rendered":"https:\/\/www.schiesser.com\/magazin\/?p=2111"},"modified":"2022-07-01T15:40:56","modified_gmt":"2022-07-01T13:40:56","slug":"zwiebel-look-mit-cardigan-strickpullover-im-herbst","status":"publish","type":"post","link":"https:\/\/www.schiesser.com\/magazin\/zwiebel-look-mit-cardigan-strickpullover-im-herbst\/","title":{"rendered":"Zwiebel-Look mit Cardigan: Strickpullover im Herbst"},"content":{"rendered":"<section class=\"wpb-content-wrapper\"><p>[vc_row][vc_column][vc_column_text]Die aktuellen Temperaturen spielen schon mal gerne verr\u00fcckt: Noch vor zwei Wochen sa\u00dfen wir bei strahlendem Sonnenschein drau\u00dfen auf der Terrasse, w\u00e4hrend ich heute Morgen Schal und M\u00fctze rauslegen musste. Da hilft nur eines: Zwiebellook! Und zwar auch bei den Gro\u00dfen!<!--more--><\/p>\n<p>Mein Lieblingsteil zur Zeit ist ein wunderbar weicher Cardigan. In ihrem sch\u00f6nen <a href=\"https:\/\/www.schiesser.com\/damenbekleidung-oberbekleidung-pullover-jacken-cardigan-strick-laessiger-schnitt-grau-meliert-selected-premium.html\" target=\"_blank\" rel=\"noopener\">Graumelange<\/a> passt die Strickjacke zu einer eleganten Bluse ebenso gut wie zu einem l\u00e4ssigen Shirt. Wird es warm, lege ich das gute St\u00fcck zur Seite, fr\u00f6stelt es, werfe ich die Jacke locker dr\u00fcber.<br \/>\nApropos Jacke: Nicht nur im Kleiderschrank macht sich das neue Must-have gut \u2013 auch in der Garderobe ist es willkommen! Aus diesem Grund habe ich mir gleich ein zweites Exemplar in <a href=\"https:\/\/www.schiesser.com\/damenbekleidung-oberbekleidung-pullover-jacken-cardigan-strick-laessiger-schnitt-schwarz-selected-premium.html\" target=\"_blank\" rel=\"noopener\">Schwarz<\/a> zugelegt, das ich unter der \u00dcbergangsjacke tragen kann. Perfekt![\/vc_column_text][vc_single_image image=&#8220;2113&#8243; img_size=&#8220;full&#8220;][\/vc_column][\/vc_row][vc_row][vc_column][vc_column_text]Wie bei vielen Dingen ist auch beim Cardigan die Qualit\u00e4t entscheidend: Mein gutes St\u00fcck in etwa ist mit Baumwolle, Wolle und\u00a0 Kaschmir ein ganz edles Teil. Lockerleicht, aber auch w\u00e4rmend, ohne, dass ich dabei ins Schwitzen komme.<\/p>\n<p>Eine weitere sch\u00f6ne Alternative in diesem Herbst: der <a href=\"https:\/\/www.schiesser.com\/damenbekleidung-oberbekleidung-pullover-jacken\/?filterBasis-Modellgruppe=Pullover&amp;filterSort=SoldAmount_asc\" target=\"_blank\" rel=\"noopener\">Strickpullover<\/a> \u2013 sozusagen der kleine Bruder des Cardigans. Ich habe mehrere Modelle im Schrank h\u00e4ngen, von uni bis gemustert. Mein Favorit: der <a href=\"https:\/\/www.schiesser.com\/damenbekleidung-oberbekleidung-pullover-jacken-pullover-strick-laessiger-schnitt-koralle-selected-premium.html\" target=\"_blank\" rel=\"noopener\">koralle-rote Pullover<\/a> im lockeren Schnitt. Zu Chinos oder schmal geschnittenen Jeans sieht der Pulli einfach klasse aus, ist leicht und w\u00e4rmend zugleich. Pure L\u00e4ssigkeit strahlt auch die <a href=\"https:\/\/www.schiesser.com\/damenbekleidung-oberbekleidung-pullover-jacken-pullover-strick-ringel-schwarz-weiss-selected-premium.html\" target=\"_blank\" rel=\"noopener\">Ringel-Variante<\/a> aus. In Schwarz-Wei\u00df kann Frau hier fast nichts falsch machen und hat im Nu ein cooles, sportliches Outfit gezaubert.<\/p>\n<hr \/>\n<p>Lotte ist von meinem Zwiebellook \u00fcbrigens so begeistert, dass auch bei ihr der Cardigan nicht mehr wegzudenken ist. In Mini-Version, kombiniert mit einem s\u00fc\u00dfen Shirt und Leggings sieht die M\u00e4dchen-Strickjacke aber auch einfach bezaubernd aus! Und mit meiner Tochter gehe ich auch sehr gerne im Partnerlook aus![\/vc_column_text][\/vc_column][\/vc_row]<\/p>\n<\/section>","protected":false},"excerpt":{"rendered":"<p>[vc_row][vc_column][vc_column_text]Die aktuellen Temperaturen spielen schon mal gerne verr\u00fcckt: Noch vor zwei Wochen sa\u00dfen wir bei strahlendem Sonnenschein drau\u00dfen auf der Terrasse, w\u00e4hrend ich heute Morgen Schal und M\u00fctze rauslegen musste. Da hilft nur eines: Zwiebellook! Und zwar auch bei den Gro\u00dfen!<\/p>\n","protected":false},"author":6,"featured_media":2113,"comment_status":"open","ping_status":"open","sticky":false,"template":"","format":"standard","meta":[],"categories":[93],"tags":[],"yoast_head":"<!-- This site is optimized with the Yoast SEO plugin v20.2 - https:\/\/yoast.com\/wordpress\/plugins\/seo\/ -->\n<title>Zwiebel-Look mit Cardigan: Strickpullover im Herbst - SCHIESSER Magazin<\/title>\n<meta name=\"description\" content=\"Der Cardigan: ein Lieblingsst\u00fcck im Herbst, denn mit ihm meistern Sie das Wetterchaos in Deutschland perfekt! Jetzt im SCHIESSER Magazin lesen!\" \/>\n<meta name=\"robots\" content=\"index, follow, max-snippet:-1, max-image-preview:large, max-video-preview:-1\" \/>\n<link rel=\"canonical\" href=\"https:\/\/www.schiesser.com\/magazin\/zwiebel-look-mit-cardigan-strickpullover-im-herbst\/\" \/>\n<meta property=\"og:locale\" content=\"de_DE\" \/>\n<meta property=\"og:type\" content=\"article\" \/>\n<meta property=\"og:title\" content=\"Zwiebel-Look mit Cardigan: Strickpullover im Herbst - SCHIESSER Magazin\" \/>\n<meta property=\"og:description\" content=\"Der Cardigan: ein Lieblingsst\u00fcck im Herbst, denn mit ihm meistern Sie das Wetterchaos in Deutschland perfekt! Jetzt im SCHIESSER Magazin lesen!\" \/>\n<meta property=\"og:url\" content=\"https:\/\/www.schiesser.com\/magazin\/zwiebel-look-mit-cardigan-strickpullover-im-herbst\/\" \/>\n<meta property=\"og:site_name\" content=\"Schiesser\" \/>\n<meta property=\"article:publisher\" content=\"https:\/\/www.facebook.com\/SCHIESSERGmbH1875\" \/>\n<meta property=\"article:published_time\" content=\"2018-11-02T08:23:16+00:00\" \/>\n<meta property=\"article:modified_time\" content=\"2022-07-01T13:40:56+00:00\" \/>\n<meta property=\"og:image\" content=\"https:\/\/www.schiesser.com\/magazin\/wp-content\/uploads\/Cardigan.jpg\" \/>\n\t<meta property=\"og:image:width\" content=\"600\" \/>\n\t<meta property=\"og:image:height\" content=\"421\" \/>\n\t<meta property=\"og:image:type\" content=\"image\/jpeg\" \/>\n<meta name=\"author\" content=\"Schiesser Mama\" \/>\n<meta name=\"twitter:card\" content=\"summary_large_image\" \/>\n<meta name=\"twitter:creator\" content=\"@schiessergmbh\" \/>\n<meta name=\"twitter:site\" content=\"@schiessergmbh\" \/>\n<meta name=\"twitter:label1\" content=\"Verfasst von\" \/>\n\t<meta name=\"twitter:data1\" content=\"Schiesser Mama\" \/>\n\t<meta name=\"twitter:label2\" content=\"Gesch\u00e4tzte Lesezeit\" \/>\n\t<meta name=\"twitter:data2\" content=\"2 Minuten\" \/>\n<script type=\"application\/ld+json\" class=\"yoast-schema-graph\">{\"@context\":\"https:\/\/schema.org\",\"@graph\":[{\"@type\":\"Article\",\"@id\":\"https:\/\/www.schiesser.com\/magazin\/zwiebel-look-mit-cardigan-strickpullover-im-herbst\/#article\",\"isPartOf\":{\"@id\":\"https:\/\/www.schiesser.com\/magazin\/zwiebel-look-mit-cardigan-strickpullover-im-herbst\/\"},\"author\":{\"name\":\"Schiesser Mama\",\"@id\":\"https:\/\/www.schiesser.com\/magazin\/#\/schema\/person\/576be8a06601345bce6b6937149606e7\"},\"headline\":\"Zwiebel-Look mit Cardigan: Strickpullover im Herbst\",\"datePublished\":\"2018-11-02T08:23:16+00:00\",\"dateModified\":\"2022-07-01T13:40:56+00:00\",\"mainEntityOfPage\":{\"@id\":\"https:\/\/www.schiesser.com\/magazin\/zwiebel-look-mit-cardigan-strickpullover-im-herbst\/\"},\"wordCount\":347,\"commentCount\":0,\"publisher\":{\"@id\":\"https:\/\/www.schiesser.com\/magazin\/#organization\"},\"articleSection\":[\"Lifestyle\"],\"inLanguage\":\"de-DE\",\"potentialAction\":[{\"@type\":\"CommentAction\",\"name\":\"Comment\",\"target\":[\"https:\/\/www.schiesser.com\/magazin\/zwiebel-look-mit-cardigan-strickpullover-im-herbst\/#respond\"]}]},{\"@type\":\"WebPage\",\"@id\":\"https:\/\/www.schiesser.com\/magazin\/zwiebel-look-mit-cardigan-strickpullover-im-herbst\/\",\"url\":\"https:\/\/www.schiesser.com\/magazin\/zwiebel-look-mit-cardigan-strickpullover-im-herbst\/\",\"name\":\"Zwiebel-Look mit Cardigan: Strickpullover im Herbst - SCHIESSER Magazin\",\"isPartOf\":{\"@id\":\"https:\/\/www.schiesser.com\/magazin\/#website\"},\"datePublished\":\"2018-11-02T08:23:16+00:00\",\"dateModified\":\"2022-07-01T13:40:56+00:00\",\"description\":\"Der Cardigan: ein Lieblingsst\u00fcck im Herbst, denn mit ihm meistern Sie das Wetterchaos in Deutschland perfekt! Jetzt im SCHIESSER Magazin lesen!\",\"breadcrumb\":{\"@id\":\"https:\/\/www.schiesser.com\/magazin\/zwiebel-look-mit-cardigan-strickpullover-im-herbst\/#breadcrumb\"},\"inLanguage\":\"de-DE\",\"potentialAction\":[{\"@type\":\"ReadAction\",\"target\":[\"https:\/\/www.schiesser.com\/magazin\/zwiebel-look-mit-cardigan-strickpullover-im-herbst\/\"]}]},{\"@type\":\"BreadcrumbList\",\"@id\":\"https:\/\/www.schiesser.com\/magazin\/zwiebel-look-mit-cardigan-strickpullover-im-herbst\/#breadcrumb\",\"itemListElement\":[{\"@type\":\"ListItem\",\"position\":1,\"name\":\"Home\",\"item\":\"https:\/\/www.schiesser.com\/magazin\/\"},{\"@type\":\"ListItem\",\"position\":2,\"name\":\"Zwiebel-Look mit Cardigan: Strickpullover im Herbst\"}]},{\"@type\":\"WebSite\",\"@id\":\"https:\/\/www.schiesser.com\/magazin\/#website\",\"url\":\"https:\/\/www.schiesser.com\/magazin\/\",\"name\":\"Schiesser\",\"description\":\"Nat\u00fcrlich. Zeitgeist. Seit 1875\",\"publisher\":{\"@id\":\"https:\/\/www.schiesser.com\/magazin\/#organization\"},\"potentialAction\":[{\"@type\":\"SearchAction\",\"target\":{\"@type\":\"EntryPoint\",\"urlTemplate\":\"https:\/\/www.schiesser.com\/magazin\/?s={search_term_string}\"},\"query-input\":\"required name=search_term_string\"}],\"inLanguage\":\"de-DE\"},{\"@type\":\"Organization\",\"@id\":\"https:\/\/www.schiesser.com\/magazin\/#organization\",\"name\":\"Schiesser GmbH\",\"url\":\"https:\/\/www.schiesser.com\/magazin\/\",\"logo\":{\"@type\":\"ImageObject\",\"inLanguage\":\"de-DE\",\"@id\":\"https:\/\/www.schiesser.com\/magazin\/#\/schema\/logo\/image\/\",\"url\":\"https:\/\/www.schiesser.com\/magazin\/wp-content\/uploads\/logo.png\",\"contentUrl\":\"https:\/\/www.schiesser.com\/magazin\/wp-content\/uploads\/logo.png\",\"width\":245,\"height\":42,\"caption\":\"Schiesser GmbH\"},\"image\":{\"@id\":\"https:\/\/www.schiesser.com\/magazin\/#\/schema\/logo\/image\/\"},\"sameAs\":[\"https:\/\/www.facebook.com\/SCHIESSERGmbH1875\",\"https:\/\/twitter.com\/schiessergmbh\",\"https:\/\/www.instagram.com\/schiesser\/\",\"https:\/\/www.pinterest.de\/schiessergmbh\/\",\"https:\/\/www.youtube.com\/channel\/UCCe2pgIFNVcYnfvpt34fGMw\"]},{\"@type\":\"Person\",\"@id\":\"https:\/\/www.schiesser.com\/magazin\/#\/schema\/person\/576be8a06601345bce6b6937149606e7\",\"name\":\"Schiesser Mama\",\"image\":{\"@type\":\"ImageObject\",\"inLanguage\":\"de-DE\",\"@id\":\"https:\/\/www.schiesser.com\/magazin\/#\/schema\/person\/image\/\",\"url\":\"https:\/\/www.schiesser.com\/magazin\/wp-content\/uploads\/profilesr_mama-100x100.png\",\"contentUrl\":\"https:\/\/www.schiesser.com\/magazin\/wp-content\/uploads\/profilesr_mama-100x100.png\",\"caption\":\"Schiesser Mama\"},\"description\":\"Unsere Schiesser-Mama erz\u00e4hlt uns in heiteren Geschichten von ihrem ganz normalen, tagt\u00e4glichen Wahnsinn mit ihren beiden Kids Lotte (2 Jahre) und Otto (5 Jahre). Zwischen all dem Familienchaos, W\u00e4schebergen und ihrem Job nimmt sie sich mit ihrem Blog eine Auszeit, um Leidensgenossinnen von den kleinen und gro\u00dfen Herausforderungen zu berichten, gibt Tipps &amp; Tricks weiter und bringt uns mit ihren Anekdoten immer wieder zum Schmunzeln.\",\"sameAs\":[\"https:\/\/www.schiesser.com\"],\"url\":\"https:\/\/www.schiesser.com\/magazin\/author\/s-mama\/\"}]}<\/script>\n<!-- \/ Yoast SEO plugin. -->","yoast_head_json":{"title":"Zwiebel-Look mit Cardigan: Strickpullover im Herbst - SCHIESSER Magazin","description":"Der Cardigan: ein Lieblingsst\u00fcck im Herbst, denn mit ihm meistern Sie das Wetterchaos in Deutschland perfekt! Jetzt im SCHIESSER Magazin lesen!","robots":{"index":"index","follow":"follow","max-snippet":"max-snippet:-1","max-image-preview":"max-image-preview:large","max-video-preview":"max-video-preview:-1"},"canonical":"https:\/\/www.schiesser.com\/magazin\/zwiebel-look-mit-cardigan-strickpullover-im-herbst\/","og_locale":"de_DE","og_type":"article","og_title":"Zwiebel-Look mit Cardigan: Strickpullover im Herbst - SCHIESSER Magazin","og_description":"Der Cardigan: ein Lieblingsst\u00fcck im Herbst, denn mit ihm meistern Sie das Wetterchaos in Deutschland perfekt! Jetzt im SCHIESSER Magazin lesen!","og_url":"https:\/\/www.schiesser.com\/magazin\/zwiebel-look-mit-cardigan-strickpullover-im-herbst\/","og_site_name":"Schiesser","article_publisher":"https:\/\/www.facebook.com\/SCHIESSERGmbH1875","article_published_time":"2018-11-02T08:23:16+00:00","article_modified_time":"2022-07-01T13:40:56+00:00","og_image":[{"width":600,"height":421,"url":"https:\/\/www.schiesser.com\/magazin\/wp-content\/uploads\/Cardigan.jpg","type":"image\/jpeg"}],"author":"Schiesser Mama","twitter_card":"summary_large_image","twitter_creator":"@schiessergmbh","twitter_site":"@schiessergmbh","twitter_misc":{"Verfasst von":"Schiesser Mama","Gesch\u00e4tzte Lesezeit":"2 Minuten"},"schema":{"@context":"https:\/\/schema.org","@graph":[{"@type":"Article","@id":"https:\/\/www.schiesser.com\/magazin\/zwiebel-look-mit-cardigan-strickpullover-im-herbst\/#article","isPartOf":{"@id":"https:\/\/www.schiesser.com\/magazin\/zwiebel-look-mit-cardigan-strickpullover-im-herbst\/"},"author":{"name":"Schiesser Mama","@id":"https:\/\/www.schiesser.com\/magazin\/#\/schema\/person\/576be8a06601345bce6b6937149606e7"},"headline":"Zwiebel-Look mit Cardigan: Strickpullover im Herbst","datePublished":"2018-11-02T08:23:16+00:00","dateModified":"2022-07-01T13:40:56+00:00","mainEntityOfPage":{"@id":"https:\/\/www.schiesser.com\/magazin\/zwiebel-look-mit-cardigan-strickpullover-im-herbst\/"},"wordCount":347,"commentCount":0,"publisher":{"@id":"https:\/\/www.schiesser.com\/magazin\/#organization"},"articleSection":["Lifestyle"],"inLanguage":"de-DE","potentialAction":[{"@type":"CommentAction","name":"Comment","target":["https:\/\/www.schiesser.com\/magazin\/zwiebel-look-mit-cardigan-strickpullover-im-herbst\/#respond"]}]},{"@type":"WebPage","@id":"https:\/\/www.schiesser.com\/magazin\/zwiebel-look-mit-cardigan-strickpullover-im-herbst\/","url":"https:\/\/www.schiesser.com\/magazin\/zwiebel-look-mit-cardigan-strickpullover-im-herbst\/","name":"Zwiebel-Look mit Cardigan: Strickpullover im Herbst - SCHIESSER Magazin","isPartOf":{"@id":"https:\/\/www.schiesser.com\/magazin\/#website"},"datePublished":"2018-11-02T08:23:16+00:00","dateModified":"2022-07-01T13:40:56+00:00","description":"Der Cardigan: ein Lieblingsst\u00fcck im Herbst, denn mit ihm meistern Sie das Wetterchaos in Deutschland perfekt! Jetzt im SCHIESSER Magazin lesen!","breadcrumb":{"@id":"https:\/\/www.schiesser.com\/magazin\/zwiebel-look-mit-cardigan-strickpullover-im-herbst\/#breadcrumb"},"inLanguage":"de-DE","potentialAction":[{"@type":"ReadAction","target":["https:\/\/www.schiesser.com\/magazin\/zwiebel-look-mit-cardigan-strickpullover-im-herbst\/"]}]},{"@type":"BreadcrumbList","@id":"https:\/\/www.schiesser.com\/magazin\/zwiebel-look-mit-cardigan-strickpullover-im-herbst\/#breadcrumb","itemListElement":[{"@type":"ListItem","position":1,"name":"Home","item":"https:\/\/www.schiesser.com\/magazin\/"},{"@type":"ListItem","position":2,"name":"Zwiebel-Look mit Cardigan: Strickpullover im Herbst"}]},{"@type":"WebSite","@id":"https:\/\/www.schiesser.com\/magazin\/#website","url":"https:\/\/www.schiesser.com\/magazin\/","name":"Schiesser","description":"Nat\u00fcrlich. Zeitgeist. Seit 1875","publisher":{"@id":"https:\/\/www.schiesser.com\/magazin\/#organization"},"potentialAction":[{"@type":"SearchAction","target":{"@type":"EntryPoint","urlTemplate":"https:\/\/www.schiesser.com\/magazin\/?s={search_term_string}"},"query-input":"required name=search_term_string"}],"inLanguage":"de-DE"},{"@type":"Organization","@id":"https:\/\/www.schiesser.com\/magazin\/#organization","name":"Schiesser GmbH","url":"https:\/\/www.schiesser.com\/magazin\/","logo":{"@type":"ImageObject","inLanguage":"de-DE","@id":"https:\/\/www.schiesser.com\/magazin\/#\/schema\/logo\/image\/","url":"https:\/\/www.schiesser.com\/magazin\/wp-content\/uploads\/logo.png","contentUrl":"https:\/\/www.schiesser.com\/magazin\/wp-content\/uploads\/logo.png","width":245,"height":42,"caption":"Schiesser GmbH"},"image":{"@id":"https:\/\/www.schiesser.com\/magazin\/#\/schema\/logo\/image\/"},"sameAs":["https:\/\/www.facebook.com\/SCHIESSERGmbH1875","https:\/\/twitter.com\/schiessergmbh","https:\/\/www.instagram.com\/schiesser\/","https:\/\/www.pinterest.de\/schiessergmbh\/","https:\/\/www.youtube.com\/channel\/UCCe2pgIFNVcYnfvpt34fGMw"]},{"@type":"Person","@id":"https:\/\/www.schiesser.com\/magazin\/#\/schema\/person\/576be8a06601345bce6b6937149606e7","name":"Schiesser Mama","image":{"@type":"ImageObject","inLanguage":"de-DE","@id":"https:\/\/www.schiesser.com\/magazin\/#\/schema\/person\/image\/","url":"https:\/\/www.schiesser.com\/magazin\/wp-content\/uploads\/profilesr_mama-100x100.png","contentUrl":"https:\/\/www.schiesser.com\/magazin\/wp-content\/uploads\/profilesr_mama-100x100.png","caption":"Schiesser Mama"},"description":"Unsere Schiesser-Mama erz\u00e4hlt uns in heiteren Geschichten von ihrem ganz normalen, tagt\u00e4glichen Wahnsinn mit ihren beiden Kids Lotte (2 Jahre) und Otto (5 Jahre). Zwischen all dem Familienchaos, W\u00e4schebergen und ihrem Job nimmt sie sich mit ihrem Blog eine Auszeit, um Leidensgenossinnen von den kleinen und gro\u00dfen Herausforderungen zu berichten, gibt Tipps &amp; Tricks weiter und bringt uns mit ihren Anekdoten immer wieder zum Schmunzeln.","sameAs":["https:\/\/www.schiesser.com"],"url":"https:\/\/www.schiesser.com\/magazin\/author\/s-mama\/"}]}},"_links":{"self":[{"href":"https:\/\/www.schiesser.com\/magazin\/wp-json\/wp\/v2\/posts\/2111"}],"collection":[{"href":"https:\/\/www.schiesser.com\/magazin\/wp-json\/wp\/v2\/posts"}],"about":[{"href":"https:\/\/www.schiesser.com\/magazin\/wp-json\/wp\/v2\/types\/post"}],"author":[{"embeddable":true,"href":"https:\/\/www.schiesser.com\/magazin\/wp-json\/wp\/v2\/users\/6"}],"replies":[{"embeddable":true,"href":"https:\/\/www.schiesser.com\/magazin\/wp-json\/wp\/v2\/comments?post=2111"}],"version-history":[{"count":3,"href":"https:\/\/www.schiesser.com\/magazin\/wp-json\/wp\/v2\/posts\/2111\/revisions"}],"predecessor-version":[{"id":2116,"href":"https:\/\/www.schiesser.com\/magazin\/wp-json\/wp\/v2\/posts\/2111\/revisions\/2116"}],"wp:featuredmedia":[{"embeddable":true,"href":"https:\/\/www.schiesser.com\/magazin\/wp-json\/wp\/v2\/media\/2113"}],"wp:attachment":[{"href":"https:\/\/www.schiesser.com\/magazin\/wp-json\/wp\/v2\/media?parent=2111"}],"wp:term":[{"taxonomy":"category","embeddable":true,"href":"https:\/\/www.schiesser.com\/magazin\/wp-json\/wp\/v2\/categories?post=2111"},{"taxonomy":"post_tag","embeddable":true,"href":"https:\/\/www.schiesser.com\/magazin\/wp-json\/wp\/v2\/tags?post=2111"}],"curies":[{"name":"wp","href":"https:\/\/api.w.org\/{rel}","templated":true}]}}