{"id":3392,"date":"2020-03-06T08:34:27","date_gmt":"2020-03-06T07:34:27","guid":{"rendered":"https:\/\/www.schiesser.com\/magazin\/?p=3392"},"modified":"2022-06-30T08:37:16","modified_gmt":"2022-06-30T06:37:16","slug":"weltfrauentag-ein-hoch-auf-alle-schiesser-damen","status":"publish","type":"post","link":"https:\/\/www.schiesser.com\/magazin\/weltfrauentag-ein-hoch-auf-alle-schiesser-damen\/","title":{"rendered":"Weltfrauentag: ein Hoch auf alle SCHIESSER-Damen!"},"content":{"rendered":"\n<p>Bald ist Weltfrauentag und f\u00fcr uns ist dies schon jetzt ein Grund zu feiern! 82% des SCHIESSER Stammpersonals besteht aus Frauen, unsere F\u00fchrungskr\u00e4fte machen ganze 75% aus &#8211; das finden wir wunderbar, denn ohne all diese gro\u00dfartigen Damen w\u00e4re unser Unternehmen nicht das, was es heute ist. Einige dieser Frauen stellen wir Ihnen heute vor.<\/p>\n\n\n\n<!--more-->\n\n\n\n<div style=\"height:30px\" aria-hidden=\"true\" class=\"wp-block-spacer\"><\/div>\n\n\n\n<div class=\"wp-block-image\"><figure class=\"aligncenter\"><img decoding=\"async\" width=\"800\" height=\"600\" src=\"https:\/\/www.schiesser.com\/magazin\/wp-content\/uploads\/Rebeca.jpg\" alt=\"\" class=\"wp-image-3393\" srcset=\"https:\/\/www.schiesser.com\/magazin\/wp-content\/uploads\/Rebeca.jpg 800w, https:\/\/www.schiesser.com\/magazin\/wp-content\/uploads\/Rebeca-300x225.jpg 300w, https:\/\/www.schiesser.com\/magazin\/wp-content\/uploads\/Rebeca-768x576.jpg 768w, https:\/\/www.schiesser.com\/magazin\/wp-content\/uploads\/Rebeca-253x190.jpg 253w, https:\/\/www.schiesser.com\/magazin\/wp-content\/uploads\/Rebeca-533x400.jpg 533w, https:\/\/www.schiesser.com\/magazin\/wp-content\/uploads\/Rebeca-100x75.jpg 100w, https:\/\/www.schiesser.com\/magazin\/wp-content\/uploads\/Rebeca-150x113.jpg 150w, https:\/\/www.schiesser.com\/magazin\/wp-content\/uploads\/Rebeca-200x150.jpg 200w, https:\/\/www.schiesser.com\/magazin\/wp-content\/uploads\/Rebeca-450x338.jpg 450w, https:\/\/www.schiesser.com\/magazin\/wp-content\/uploads\/Rebeca-600x450.jpg 600w\" sizes=\"(max-width: 800px) 100vw, 800px\" \/><\/figure><\/div>\n\n\n\n<p><em>&#8222;E-Commerce ist leider immer noch eine starke M\u00e4nnerdom\u00e4ne, aber die Frauen sind immer mehr im Kommen und das ist gut so. Ich liebe meinen Job bei SCHIESSER und gehe alle Herausforderungen mit gro\u00dfer Leidenschaft an. <\/em><\/p>\n\n\n\n<p><em>Vor 15 Jahren habe ich meinen ersten Onlineshop aufgebaut.  Seitdem ist E-Commerce ein fester Bestandteil in meinem Leben und mein gr\u00f6\u00dftes Interesse  &#8211; abgesehen von meinem kleinen Sohn nat\u00fcrlich! Es ist sch\u00f6n mit so vielen tollen (Power-)Frauen bei SCHIESSER arbeiten zu d\u00fcrfen und zu sehen, dass Job und Kind sehr wohl vereinbar sind. Danke SCHIESSER!&#8220;<\/em><\/p>\n\n\n\n<div style=\"height:30px\" aria-hidden=\"true\" class=\"wp-block-spacer\"><\/div>\n\n\n\n<hr class=\"wp-block-separator\"\/>\n\n\n\n<div style=\"height:30px\" aria-hidden=\"true\" class=\"wp-block-spacer\"><\/div>\n\n\n\n<div class=\"wp-block-image\"><figure class=\"aligncenter\"><img decoding=\"async\" width=\"1024\" height=\"768\" src=\"https:\/\/www.schiesser.com\/magazin\/wp-content\/uploads\/Nadine-1024x768.jpg\" alt=\"\" class=\"wp-image-3402\" srcset=\"https:\/\/www.schiesser.com\/magazin\/wp-content\/uploads\/Nadine-1024x768.jpg 1024w, https:\/\/www.schiesser.com\/magazin\/wp-content\/uploads\/Nadine-300x225.jpg 300w, https:\/\/www.schiesser.com\/magazin\/wp-content\/uploads\/Nadine-768x576.jpg 768w, https:\/\/www.schiesser.com\/magazin\/wp-content\/uploads\/Nadine-253x190.jpg 253w, https:\/\/www.schiesser.com\/magazin\/wp-content\/uploads\/Nadine-533x400.jpg 533w, https:\/\/www.schiesser.com\/magazin\/wp-content\/uploads\/Nadine-100x75.jpg 100w, https:\/\/www.schiesser.com\/magazin\/wp-content\/uploads\/Nadine-150x112.jpg 150w, https:\/\/www.schiesser.com\/magazin\/wp-content\/uploads\/Nadine-200x150.jpg 200w, https:\/\/www.schiesser.com\/magazin\/wp-content\/uploads\/Nadine-450x337.jpg 450w, https:\/\/www.schiesser.com\/magazin\/wp-content\/uploads\/Nadine-600x450.jpg 600w, https:\/\/www.schiesser.com\/magazin\/wp-content\/uploads\/Nadine-900x675.jpg 900w, https:\/\/www.schiesser.com\/magazin\/wp-content\/uploads\/Nadine.jpg 1667w\" sizes=\"(max-width: 1024px) 100vw, 1024px\" \/><\/figure><\/div>\n\n\n\n<p><em>&#8222;Durch meine Arbeit habe ich die M\u00f6glichkeit, die Erscheinung von SCHIESSER mit zu pr\u00e4gen. Dank der Vielseitigkeit meiner Aufgaben habe ich viel Kontakt in andere Bereiche von SCHIESSER und kann mit vielen tollen Frauen zusammen arbeiten. Denn Wertsch\u00e4tzung von Frauen f\u00fcr Frauen ist entscheidend!&#8220;<\/em><\/p>\n\n\n\n<div style=\"height:30px\" aria-hidden=\"true\" class=\"wp-block-spacer\"><\/div>\n\n\n\n<hr class=\"wp-block-separator\"\/>\n\n\n\n<div style=\"height:30px\" aria-hidden=\"true\" class=\"wp-block-spacer\"><\/div>\n\n\n\n<div class=\"wp-block-image\"><figure class=\"aligncenter\"><img decoding=\"async\" width=\"1024\" height=\"768\" src=\"https:\/\/www.schiesser.com\/magazin\/wp-content\/uploads\/Terry-1024x768.jpg\" alt=\"\" class=\"wp-image-3395\" srcset=\"https:\/\/www.schiesser.com\/magazin\/wp-content\/uploads\/Terry-1024x768.jpg 1024w, https:\/\/www.schiesser.com\/magazin\/wp-content\/uploads\/Terry-300x225.jpg 300w, https:\/\/www.schiesser.com\/magazin\/wp-content\/uploads\/Terry-768x576.jpg 768w, https:\/\/www.schiesser.com\/magazin\/wp-content\/uploads\/Terry-253x190.jpg 253w, https:\/\/www.schiesser.com\/magazin\/wp-content\/uploads\/Terry-533x400.jpg 533w, https:\/\/www.schiesser.com\/magazin\/wp-content\/uploads\/Terry-100x75.jpg 100w, https:\/\/www.schiesser.com\/magazin\/wp-content\/uploads\/Terry-150x113.jpg 150w, https:\/\/www.schiesser.com\/magazin\/wp-content\/uploads\/Terry-200x150.jpg 200w, https:\/\/www.schiesser.com\/magazin\/wp-content\/uploads\/Terry-450x338.jpg 450w, https:\/\/www.schiesser.com\/magazin\/wp-content\/uploads\/Terry-600x450.jpg 600w, https:\/\/www.schiesser.com\/magazin\/wp-content\/uploads\/Terry-900x675.jpg 900w\" sizes=\"(max-width: 1024px) 100vw, 1024px\" \/><\/figure><\/div>\n\n\n\n<p><em>&#8222;Mode ist meine gr\u00f6\u00dfte Leidenschaft. Sie hat mich nicht nur dazu gebracht heute die starke Frau zu sein, die ich bin, sie treibt mich an, mich stetig weiterzuentwickeln. Mode existiert nicht einfach nur, sie lebt. Die Art und Weise wie sich Menschen kleiden dr\u00fcckt aus, was sie gerade f\u00fchlen, ob sie einen guten oder einen schlechten Tag haben oder welchen Lifestyle sie leben.<\/em><\/p>\n\n\n\n<p><em>Schon immer wollte ich durch Mode Frauen und M\u00e4nner best\u00e4rken, ihre nat\u00fcrliche Sch\u00f6nheit herauszustellen. Meine Arbeit in der Mode-Branche und nat\u00fcrlich speziell f\u00fcr SCHIESSER helfen mir das t\u00e4glich zu erreichen.&nbsp;<\/em><\/p>\n\n\n\n<p><em>Am meisten sch\u00e4tze ich an meiner Arbeit bei SCHIESSER die kreative Freiheit, die ich habe. Mich fasziniert es, st\u00e4ndig neue Trends zu erforschen und neue Technologien zu entwickeln. Es ist toll mitzuerleben, mit welcher Leidenschaft und Inspiration alle Designer arbeiten und welche Gestaltungsfreiheiten uns das Unternehmen gibt.<\/em><\/p>\n\n\n\n<p><em>Als Ehefrau und stolze Mutter von zwei Jungs spielt das richtige Zeitmanagement eine sehr wichtige Rolle in meinem Leben. Eine Powerfrau zu sein, bedeutet f\u00fcr mich die Arbeit und das Privatleben in Einklang zu bringen und dabei nicht zu vergessen, die kleinen Dinge des Lebens zu sch\u00e4tzen.&#8220;<\/em><\/p>\n\n\n\n<div style=\"height:30px\" aria-hidden=\"true\" class=\"wp-block-spacer\"><\/div>\n\n\n\n<hr class=\"wp-block-separator\"\/>\n\n\n\n<div style=\"height:30px\" aria-hidden=\"true\" class=\"wp-block-spacer\"><\/div>\n\n\n\n<figure class=\"wp-block-image\"><img decoding=\"async\" width=\"1024\" height=\"768\" src=\"https:\/\/www.schiesser.com\/magazin\/wp-content\/uploads\/Julia-1024x768.jpg\" alt=\"\" class=\"wp-image-3403\" srcset=\"https:\/\/www.schiesser.com\/magazin\/wp-content\/uploads\/Julia-1024x768.jpg 1024w, https:\/\/www.schiesser.com\/magazin\/wp-content\/uploads\/Julia-300x225.jpg 300w, https:\/\/www.schiesser.com\/magazin\/wp-content\/uploads\/Julia-768x576.jpg 768w, https:\/\/www.schiesser.com\/magazin\/wp-content\/uploads\/Julia-253x190.jpg 253w, https:\/\/www.schiesser.com\/magazin\/wp-content\/uploads\/Julia-533x400.jpg 533w, https:\/\/www.schiesser.com\/magazin\/wp-content\/uploads\/Julia-100x75.jpg 100w, https:\/\/www.schiesser.com\/magazin\/wp-content\/uploads\/Julia-150x112.jpg 150w, https:\/\/www.schiesser.com\/magazin\/wp-content\/uploads\/Julia-200x150.jpg 200w, https:\/\/www.schiesser.com\/magazin\/wp-content\/uploads\/Julia-450x337.jpg 450w, https:\/\/www.schiesser.com\/magazin\/wp-content\/uploads\/Julia-600x450.jpg 600w, https:\/\/www.schiesser.com\/magazin\/wp-content\/uploads\/Julia-900x675.jpg 900w, https:\/\/www.schiesser.com\/magazin\/wp-content\/uploads\/Julia.jpg 1667w\" sizes=\"(max-width: 1024px) 100vw, 1024px\" \/><\/figure>\n\n\n\n<p><em>&#8222;Freude an der Arbeit zu haben bedeutet f\u00fcr mich nicht nur, als F\u00fchrungskraft und Fachexpertin in meinem Element zu sein, sondern immer wieder auch mit meinem Team zu lachen. Nicht nur ein respekt- sondern auch ein humorvolles Miteinander zahlen auf gute Leistungen ein. <\/em><\/p>\n\n\n\n<p><em>Einige Leitgedanken haben mich in meiner Karriere besonders inspiriert:<\/em> <\/p>\n\n\n\n<p><em>\u201eDo what you love &amp; choose your battles wisely\u201c .<\/em><\/p>\n\n\n\n<p><em>Da gerade weibliche F\u00fchrungskr\u00e4fte h\u00e4ufig in die Harmoniefalle tappen, habe ich mir zu Herzen genommen, dass gute F\u00fchrung nicht bedeutet so beliebt wie m\u00f6glich zu sein, sondern dass es darum geht klare Orientierung und Feedback zu geben und die Rahmenbedingungen so zu gestalten, dass das eigene Team zu bestm\u00f6glichen Leistungen bef\u00e4higt ist.<\/em><\/p>\n\n\n\n<p><em>Was mich an SCHIESSER besonders fasziniert, sind die vielen und unterschiedlichsten Gestaltungsm\u00f6glichkeiten und bereits jetzt die richtigen Weichen f\u00fcr die neuen SCHIESSER Generationen zu legen. An meiner Position gef\u00e4llt mir vor allen Dingen, immer wieder neue und g\u00e4nzlich verschiedene Pers\u00f6nlichkeiten kennenlernen und sie zusammen bringen zu k\u00f6nnen: Die richtigen Menschen in der passenden Unternehmenskultur wachsen \u00fcber sich hinaus. F\u00fcr diesen Moment bin ich meiner Arbeit immer wieder sehr dankbar.&#8220;<\/em><\/p>\n\n\n\n<div style=\"height:30px\" aria-hidden=\"true\" class=\"wp-block-spacer\"><\/div>\n\n\n\n<hr class=\"wp-block-separator\"\/>\n\n\n\n<div style=\"height:30px\" aria-hidden=\"true\" class=\"wp-block-spacer\"><\/div>\n\n\n\n<figure class=\"wp-block-image\"><img decoding=\"async\" width=\"800\" height=\"600\" src=\"https:\/\/www.schiesser.com\/magazin\/wp-content\/uploads\/Carmen.jpg\" alt=\"\" class=\"wp-image-3397\" srcset=\"https:\/\/www.schiesser.com\/magazin\/wp-content\/uploads\/Carmen.jpg 800w, https:\/\/www.schiesser.com\/magazin\/wp-content\/uploads\/Carmen-300x225.jpg 300w, https:\/\/www.schiesser.com\/magazin\/wp-content\/uploads\/Carmen-768x576.jpg 768w, https:\/\/www.schiesser.com\/magazin\/wp-content\/uploads\/Carmen-253x190.jpg 253w, https:\/\/www.schiesser.com\/magazin\/wp-content\/uploads\/Carmen-533x400.jpg 533w, https:\/\/www.schiesser.com\/magazin\/wp-content\/uploads\/Carmen-100x75.jpg 100w, https:\/\/www.schiesser.com\/magazin\/wp-content\/uploads\/Carmen-150x113.jpg 150w, https:\/\/www.schiesser.com\/magazin\/wp-content\/uploads\/Carmen-200x150.jpg 200w, https:\/\/www.schiesser.com\/magazin\/wp-content\/uploads\/Carmen-450x338.jpg 450w, https:\/\/www.schiesser.com\/magazin\/wp-content\/uploads\/Carmen-600x450.jpg 600w\" sizes=\"(max-width: 800px) 100vw, 800px\" \/><\/figure>\n\n\n\n<p><em>&#8222;Meine bisherige Lebens- und Job-Erfahrung deckt sich mit dem Anspruch der Marke SCHIESSER: Permanente Weiterentwicklung und offensive Auseinandersetzung mit immer neuen Herausforderungen!<\/em><\/p>\n\n\n\n<p><em>Daher ermutige ich andere dazu mutiger zu werden, Komfortzonen zu verlassen und in Herausforderungen Chancen zu sehen.&nbsp;<\/em><\/p>\n\n\n\n<p><em>Ich m\u00f6chte zudem Vorbild sein und \u00fcbernehme gerne Verantwortung und verstecke mich nicht hinter anderen.&nbsp;<\/em><\/p>\n\n\n\n<p><em>Als Frau in einer F\u00fchrungsposition gef\u00e4llt mir besonders, Teil des Prozesses zu sein, da mein weiblicher Blick auf Themen oft ganzheitlich &amp; langfristig ausf\u00e4llt und mir Details wichtig sind.<\/em><\/p>\n\n\n\n<p><em>Meine Powerwoman-F\u00e4higkeit: Organisationstalent &amp; Schnelligkeit &amp; Mut &amp; Empathie.&#8220;<\/em><\/p>\n\n\n\n<div style=\"height:30px\" aria-hidden=\"true\" class=\"wp-block-spacer\"><\/div>\n\n\n\n<hr class=\"wp-block-separator\"\/>\n\n\n\n<div style=\"height:30px\" aria-hidden=\"true\" class=\"wp-block-spacer\"><\/div>\n\n\n\n<figure class=\"wp-block-image\"><img decoding=\"async\" width=\"800\" height=\"600\" src=\"https:\/\/www.schiesser.com\/magazin\/wp-content\/uploads\/Melanie.jpg\" alt=\"\" class=\"wp-image-3398\" srcset=\"https:\/\/www.schiesser.com\/magazin\/wp-content\/uploads\/Melanie.jpg 800w, https:\/\/www.schiesser.com\/magazin\/wp-content\/uploads\/Melanie-300x225.jpg 300w, https:\/\/www.schiesser.com\/magazin\/wp-content\/uploads\/Melanie-768x576.jpg 768w, https:\/\/www.schiesser.com\/magazin\/wp-content\/uploads\/Melanie-253x190.jpg 253w, https:\/\/www.schiesser.com\/magazin\/wp-content\/uploads\/Melanie-533x400.jpg 533w, https:\/\/www.schiesser.com\/magazin\/wp-content\/uploads\/Melanie-100x75.jpg 100w, https:\/\/www.schiesser.com\/magazin\/wp-content\/uploads\/Melanie-150x113.jpg 150w, https:\/\/www.schiesser.com\/magazin\/wp-content\/uploads\/Melanie-200x150.jpg 200w, https:\/\/www.schiesser.com\/magazin\/wp-content\/uploads\/Melanie-450x338.jpg 450w, https:\/\/www.schiesser.com\/magazin\/wp-content\/uploads\/Melanie-600x450.jpg 600w\" sizes=\"(max-width: 800px) 100vw, 800px\" \/><\/figure>\n\n\n\n<p><em>&#8222;Ich finde es wichtig, 100% hinter der Marke zu stehen \u2013 nicht nur in meiner Position als Trainerin \u2013 sondern in jeder Position, die ich in einem Unternehmen hatte oder habe.&nbsp;<\/em><\/p>\n\n\n\n<p><em>SCHIESSER \u00fcberzeugt mich: die Geschichte, die Kollegen und die Qualit\u00e4t unserer Produkte. In meiner jetzigen Position liebe ich den Kontakt mit so vielen, unterschiedlichen Frauen wie M\u00e4nnern, die alle eins gemeinsam haben: Leidenschaft f\u00fcr die Marke und Leidenschaft f\u00fcr den Verkauf! Jeden Tag treffe ich Powerfrauen voller Ideen und Begeisterung!<\/em><\/p>\n\n\n\n<p><em>Zu sehen, wie wir als Team an einem gro\u00dfartigen Servicelevel arbeiten und sich alle voller Enthusiasmus einbringen gibt mir Energie und macht mich stolz, Teil der Schiesser Familie zu sein!&#8220;<\/em><\/p>\n","protected":false},"excerpt":{"rendered":"<p>Bald ist Weltfrauentag und f\u00fcr uns ist dies schon jetzt ein Grund zu feiern! 82% des SCHIESSER Stammpersonals besteht aus Frauen, unsere F\u00fchrungskr\u00e4fte machen ganze 75% aus &#8211; das finden wir wunderbar, denn ohne all diese gro\u00dfartigen Damen w\u00e4re unser Unternehmen nicht das, was es heute ist. Einige dieser Frauen stellen wir Ihnen heute vor.<\/p>\n","protected":false},"author":2,"featured_media":3433,"comment_status":"open","ping_status":"open","sticky":false,"template":"","format":"standard","meta":[],"categories":[1],"tags":[],"yoast_head":"<!-- This site is optimized with the Yoast SEO plugin v20.2 - https:\/\/yoast.com\/wordpress\/plugins\/seo\/ -->\n<title>Weltfrauentag: ein Hoch auf alle SCHIESSER-Damen! - Schiesser<\/title>\n<meta name=\"description\" content=\"Am heutigen Weltfrauentag haben auch wir bei SCHIESSER allen Grund zu feiern und stellen Ihnen im Magazin einige unserer Powerfrauen vor!\" \/>\n<meta name=\"robots\" content=\"index, follow, max-snippet:-1, max-image-preview:large, max-video-preview:-1\" \/>\n<link rel=\"canonical\" href=\"https:\/\/www.schiesser.com\/magazin\/weltfrauentag-ein-hoch-auf-alle-schiesser-damen\/\" \/>\n<meta property=\"og:locale\" content=\"de_DE\" \/>\n<meta property=\"og:type\" content=\"article\" \/>\n<meta property=\"og:title\" content=\"Weltfrauentag: ein Hoch auf alle SCHIESSER-Damen! - Schiesser\" \/>\n<meta property=\"og:description\" content=\"Am heutigen Weltfrauentag haben auch wir bei SCHIESSER allen Grund zu feiern und stellen Ihnen im Magazin einige unserer Powerfrauen vor!\" \/>\n<meta property=\"og:url\" content=\"https:\/\/www.schiesser.com\/magazin\/weltfrauentag-ein-hoch-auf-alle-schiesser-damen\/\" \/>\n<meta property=\"og:site_name\" content=\"Schiesser\" \/>\n<meta property=\"article:publisher\" content=\"https:\/\/www.facebook.com\/SCHIESSERGmbH1875\" \/>\n<meta property=\"article:published_time\" content=\"2020-03-06T07:34:27+00:00\" \/>\n<meta property=\"article:modified_time\" content=\"2022-06-30T06:37:16+00:00\" \/>\n<meta property=\"og:image\" content=\"https:\/\/www.schiesser.com\/magazin\/wp-content\/uploads\/Headerbild_Magazin_Frauentag_600x400.jpg\" \/>\n\t<meta property=\"og:image:width\" content=\"600\" \/>\n\t<meta property=\"og:image:height\" content=\"400\" \/>\n\t<meta property=\"og:image:type\" content=\"image\/jpeg\" \/>\n<meta name=\"author\" content=\"SCHIESSER\" \/>\n<meta name=\"twitter:card\" content=\"summary_large_image\" \/>\n<meta name=\"twitter:creator\" content=\"@schiessergmbh\" \/>\n<meta name=\"twitter:site\" content=\"@schiessergmbh\" \/>\n<meta name=\"twitter:label1\" content=\"Verfasst von\" \/>\n\t<meta name=\"twitter:data1\" content=\"SCHIESSER\" \/>\n\t<meta name=\"twitter:label2\" content=\"Gesch\u00e4tzte Lesezeit\" \/>\n\t<meta name=\"twitter:data2\" content=\"5 Minuten\" \/>\n<script type=\"application\/ld+json\" class=\"yoast-schema-graph\">{\"@context\":\"https:\/\/schema.org\",\"@graph\":[{\"@type\":\"Article\",\"@id\":\"https:\/\/www.schiesser.com\/magazin\/weltfrauentag-ein-hoch-auf-alle-schiesser-damen\/#article\",\"isPartOf\":{\"@id\":\"https:\/\/www.schiesser.com\/magazin\/weltfrauentag-ein-hoch-auf-alle-schiesser-damen\/\"},\"author\":{\"name\":\"SCHIESSER\",\"@id\":\"https:\/\/www.schiesser.com\/magazin\/#\/schema\/person\/e72bf75bf2cf3d94af84e9643a034d48\"},\"headline\":\"Weltfrauentag: ein Hoch auf alle SCHIESSER-Damen!\",\"datePublished\":\"2020-03-06T07:34:27+00:00\",\"dateModified\":\"2022-06-30T06:37:16+00:00\",\"mainEntityOfPage\":{\"@id\":\"https:\/\/www.schiesser.com\/magazin\/weltfrauentag-ein-hoch-auf-alle-schiesser-damen\/\"},\"wordCount\":822,\"commentCount\":0,\"publisher\":{\"@id\":\"https:\/\/www.schiesser.com\/magazin\/#organization\"},\"articleSection\":[\"Aktuelles\"],\"inLanguage\":\"de-DE\",\"potentialAction\":[{\"@type\":\"CommentAction\",\"name\":\"Comment\",\"target\":[\"https:\/\/www.schiesser.com\/magazin\/weltfrauentag-ein-hoch-auf-alle-schiesser-damen\/#respond\"]}]},{\"@type\":\"WebPage\",\"@id\":\"https:\/\/www.schiesser.com\/magazin\/weltfrauentag-ein-hoch-auf-alle-schiesser-damen\/\",\"url\":\"https:\/\/www.schiesser.com\/magazin\/weltfrauentag-ein-hoch-auf-alle-schiesser-damen\/\",\"name\":\"Weltfrauentag: ein Hoch auf alle SCHIESSER-Damen! - Schiesser\",\"isPartOf\":{\"@id\":\"https:\/\/www.schiesser.com\/magazin\/#website\"},\"datePublished\":\"2020-03-06T07:34:27+00:00\",\"dateModified\":\"2022-06-30T06:37:16+00:00\",\"description\":\"Am heutigen Weltfrauentag haben auch wir bei SCHIESSER allen Grund zu feiern und stellen Ihnen im Magazin einige unserer Powerfrauen vor!\",\"breadcrumb\":{\"@id\":\"https:\/\/www.schiesser.com\/magazin\/weltfrauentag-ein-hoch-auf-alle-schiesser-damen\/#breadcrumb\"},\"inLanguage\":\"de-DE\",\"potentialAction\":[{\"@type\":\"ReadAction\",\"target\":[\"https:\/\/www.schiesser.com\/magazin\/weltfrauentag-ein-hoch-auf-alle-schiesser-damen\/\"]}]},{\"@type\":\"BreadcrumbList\",\"@id\":\"https:\/\/www.schiesser.com\/magazin\/weltfrauentag-ein-hoch-auf-alle-schiesser-damen\/#breadcrumb\",\"itemListElement\":[{\"@type\":\"ListItem\",\"position\":1,\"name\":\"Home\",\"item\":\"https:\/\/www.schiesser.com\/magazin\/\"},{\"@type\":\"ListItem\",\"position\":2,\"name\":\"Weltfrauentag: ein Hoch auf alle SCHIESSER-Damen!\"}]},{\"@type\":\"WebSite\",\"@id\":\"https:\/\/www.schiesser.com\/magazin\/#website\",\"url\":\"https:\/\/www.schiesser.com\/magazin\/\",\"name\":\"Schiesser\",\"description\":\"Nat\u00fcrlich. Zeitgeist. Seit 1875\",\"publisher\":{\"@id\":\"https:\/\/www.schiesser.com\/magazin\/#organization\"},\"potentialAction\":[{\"@type\":\"SearchAction\",\"target\":{\"@type\":\"EntryPoint\",\"urlTemplate\":\"https:\/\/www.schiesser.com\/magazin\/?s={search_term_string}\"},\"query-input\":\"required name=search_term_string\"}],\"inLanguage\":\"de-DE\"},{\"@type\":\"Organization\",\"@id\":\"https:\/\/www.schiesser.com\/magazin\/#organization\",\"name\":\"Schiesser GmbH\",\"url\":\"https:\/\/www.schiesser.com\/magazin\/\",\"logo\":{\"@type\":\"ImageObject\",\"inLanguage\":\"de-DE\",\"@id\":\"https:\/\/www.schiesser.com\/magazin\/#\/schema\/logo\/image\/\",\"url\":\"https:\/\/www.schiesser.com\/magazin\/wp-content\/uploads\/logo.png\",\"contentUrl\":\"https:\/\/www.schiesser.com\/magazin\/wp-content\/uploads\/logo.png\",\"width\":245,\"height\":42,\"caption\":\"Schiesser GmbH\"},\"image\":{\"@id\":\"https:\/\/www.schiesser.com\/magazin\/#\/schema\/logo\/image\/\"},\"sameAs\":[\"https:\/\/www.facebook.com\/SCHIESSERGmbH1875\",\"https:\/\/twitter.com\/schiessergmbh\",\"https:\/\/www.instagram.com\/schiesser\/\",\"https:\/\/www.pinterest.de\/schiessergmbh\/\",\"https:\/\/www.youtube.com\/channel\/UCCe2pgIFNVcYnfvpt34fGMw\"]},{\"@type\":\"Person\",\"@id\":\"https:\/\/www.schiesser.com\/magazin\/#\/schema\/person\/e72bf75bf2cf3d94af84e9643a034d48\",\"name\":\"SCHIESSER\",\"image\":{\"@type\":\"ImageObject\",\"inLanguage\":\"de-DE\",\"@id\":\"https:\/\/www.schiesser.com\/magazin\/#\/schema\/person\/image\/\",\"url\":\"https:\/\/www.schiesser.com\/magazin\/wp-content\/uploads\/schiesser_profile-100x100.png\",\"contentUrl\":\"https:\/\/www.schiesser.com\/magazin\/wp-content\/uploads\/schiesser_profile-100x100.png\",\"caption\":\"SCHIESSER\"},\"sameAs\":[\"http:\/\/www.schiesser.com\/\"],\"url\":\"https:\/\/www.schiesser.com\/magazin\/author\/m-riester\/\"}]}<\/script>\n<!-- \/ Yoast SEO plugin. -->","yoast_head_json":{"title":"Weltfrauentag: ein Hoch auf alle SCHIESSER-Damen! - Schiesser","description":"Am heutigen Weltfrauentag haben auch wir bei SCHIESSER allen Grund zu feiern und stellen Ihnen im Magazin einige unserer Powerfrauen vor!","robots":{"index":"index","follow":"follow","max-snippet":"max-snippet:-1","max-image-preview":"max-image-preview:large","max-video-preview":"max-video-preview:-1"},"canonical":"https:\/\/www.schiesser.com\/magazin\/weltfrauentag-ein-hoch-auf-alle-schiesser-damen\/","og_locale":"de_DE","og_type":"article","og_title":"Weltfrauentag: ein Hoch auf alle SCHIESSER-Damen! - Schiesser","og_description":"Am heutigen Weltfrauentag haben auch wir bei SCHIESSER allen Grund zu feiern und stellen Ihnen im Magazin einige unserer Powerfrauen vor!","og_url":"https:\/\/www.schiesser.com\/magazin\/weltfrauentag-ein-hoch-auf-alle-schiesser-damen\/","og_site_name":"Schiesser","article_publisher":"https:\/\/www.facebook.com\/SCHIESSERGmbH1875","article_published_time":"2020-03-06T07:34:27+00:00","article_modified_time":"2022-06-30T06:37:16+00:00","og_image":[{"width":600,"height":400,"url":"https:\/\/www.schiesser.com\/magazin\/wp-content\/uploads\/Headerbild_Magazin_Frauentag_600x400.jpg","type":"image\/jpeg"}],"author":"SCHIESSER","twitter_card":"summary_large_image","twitter_creator":"@schiessergmbh","twitter_site":"@schiessergmbh","twitter_misc":{"Verfasst von":"SCHIESSER","Gesch\u00e4tzte Lesezeit":"5 Minuten"},"schema":{"@context":"https:\/\/schema.org","@graph":[{"@type":"Article","@id":"https:\/\/www.schiesser.com\/magazin\/weltfrauentag-ein-hoch-auf-alle-schiesser-damen\/#article","isPartOf":{"@id":"https:\/\/www.schiesser.com\/magazin\/weltfrauentag-ein-hoch-auf-alle-schiesser-damen\/"},"author":{"name":"SCHIESSER","@id":"https:\/\/www.schiesser.com\/magazin\/#\/schema\/person\/e72bf75bf2cf3d94af84e9643a034d48"},"headline":"Weltfrauentag: ein Hoch auf alle SCHIESSER-Damen!","datePublished":"2020-03-06T07:34:27+00:00","dateModified":"2022-06-30T06:37:16+00:00","mainEntityOfPage":{"@id":"https:\/\/www.schiesser.com\/magazin\/weltfrauentag-ein-hoch-auf-alle-schiesser-damen\/"},"wordCount":822,"commentCount":0,"publisher":{"@id":"https:\/\/www.schiesser.com\/magazin\/#organization"},"articleSection":["Aktuelles"],"inLanguage":"de-DE","potentialAction":[{"@type":"CommentAction","name":"Comment","target":["https:\/\/www.schiesser.com\/magazin\/weltfrauentag-ein-hoch-auf-alle-schiesser-damen\/#respond"]}]},{"@type":"WebPage","@id":"https:\/\/www.schiesser.com\/magazin\/weltfrauentag-ein-hoch-auf-alle-schiesser-damen\/","url":"https:\/\/www.schiesser.com\/magazin\/weltfrauentag-ein-hoch-auf-alle-schiesser-damen\/","name":"Weltfrauentag: ein Hoch auf alle SCHIESSER-Damen! - Schiesser","isPartOf":{"@id":"https:\/\/www.schiesser.com\/magazin\/#website"},"datePublished":"2020-03-06T07:34:27+00:00","dateModified":"2022-06-30T06:37:16+00:00","description":"Am heutigen Weltfrauentag haben auch wir bei SCHIESSER allen Grund zu feiern und stellen Ihnen im Magazin einige unserer Powerfrauen vor!","breadcrumb":{"@id":"https:\/\/www.schiesser.com\/magazin\/weltfrauentag-ein-hoch-auf-alle-schiesser-damen\/#breadcrumb"},"inLanguage":"de-DE","potentialAction":[{"@type":"ReadAction","target":["https:\/\/www.schiesser.com\/magazin\/weltfrauentag-ein-hoch-auf-alle-schiesser-damen\/"]}]},{"@type":"BreadcrumbList","@id":"https:\/\/www.schiesser.com\/magazin\/weltfrauentag-ein-hoch-auf-alle-schiesser-damen\/#breadcrumb","itemListElement":[{"@type":"ListItem","position":1,"name":"Home","item":"https:\/\/www.schiesser.com\/magazin\/"},{"@type":"ListItem","position":2,"name":"Weltfrauentag: ein Hoch auf alle SCHIESSER-Damen!"}]},{"@type":"WebSite","@id":"https:\/\/www.schiesser.com\/magazin\/#website","url":"https:\/\/www.schiesser.com\/magazin\/","name":"Schiesser","description":"Nat\u00fcrlich. Zeitgeist. Seit 1875","publisher":{"@id":"https:\/\/www.schiesser.com\/magazin\/#organization"},"potentialAction":[{"@type":"SearchAction","target":{"@type":"EntryPoint","urlTemplate":"https:\/\/www.schiesser.com\/magazin\/?s={search_term_string}"},"query-input":"required name=search_term_string"}],"inLanguage":"de-DE"},{"@type":"Organization","@id":"https:\/\/www.schiesser.com\/magazin\/#organization","name":"Schiesser GmbH","url":"https:\/\/www.schiesser.com\/magazin\/","logo":{"@type":"ImageObject","inLanguage":"de-DE","@id":"https:\/\/www.schiesser.com\/magazin\/#\/schema\/logo\/image\/","url":"https:\/\/www.schiesser.com\/magazin\/wp-content\/uploads\/logo.png","contentUrl":"https:\/\/www.schiesser.com\/magazin\/wp-content\/uploads\/logo.png","width":245,"height":42,"caption":"Schiesser GmbH"},"image":{"@id":"https:\/\/www.schiesser.com\/magazin\/#\/schema\/logo\/image\/"},"sameAs":["https:\/\/www.facebook.com\/SCHIESSERGmbH1875","https:\/\/twitter.com\/schiessergmbh","https:\/\/www.instagram.com\/schiesser\/","https:\/\/www.pinterest.de\/schiessergmbh\/","https:\/\/www.youtube.com\/channel\/UCCe2pgIFNVcYnfvpt34fGMw"]},{"@type":"Person","@id":"https:\/\/www.schiesser.com\/magazin\/#\/schema\/person\/e72bf75bf2cf3d94af84e9643a034d48","name":"SCHIESSER","image":{"@type":"ImageObject","inLanguage":"de-DE","@id":"https:\/\/www.schiesser.com\/magazin\/#\/schema\/person\/image\/","url":"https:\/\/www.schiesser.com\/magazin\/wp-content\/uploads\/schiesser_profile-100x100.png","contentUrl":"https:\/\/www.schiesser.com\/magazin\/wp-content\/uploads\/schiesser_profile-100x100.png","caption":"SCHIESSER"},"sameAs":["http:\/\/www.schiesser.com\/"],"url":"https:\/\/www.schiesser.com\/magazin\/author\/m-riester\/"}]}},"_links":{"self":[{"href":"https:\/\/www.schiesser.com\/magazin\/wp-json\/wp\/v2\/posts\/3392"}],"collection":[{"href":"https:\/\/www.schiesser.com\/magazin\/wp-json\/wp\/v2\/posts"}],"about":[{"href":"https:\/\/www.schiesser.com\/magazin\/wp-json\/wp\/v2\/types\/post"}],"author":[{"embeddable":true,"href":"https:\/\/www.schiesser.com\/magazin\/wp-json\/wp\/v2\/users\/2"}],"replies":[{"embeddable":true,"href":"https:\/\/www.schiesser.com\/magazin\/wp-json\/wp\/v2\/comments?post=3392"}],"version-history":[{"count":14,"href":"https:\/\/www.schiesser.com\/magazin\/wp-json\/wp\/v2\/posts\/3392\/revisions"}],"predecessor-version":[{"id":5729,"href":"https:\/\/www.schiesser.com\/magazin\/wp-json\/wp\/v2\/posts\/3392\/revisions\/5729"}],"wp:featuredmedia":[{"embeddable":true,"href":"https:\/\/www.schiesser.com\/magazin\/wp-json\/wp\/v2\/media\/3433"}],"wp:attachment":[{"href":"https:\/\/www.schiesser.com\/magazin\/wp-json\/wp\/v2\/media?parent=3392"}],"wp:term":[{"taxonomy":"category","embeddable":true,"href":"https:\/\/www.schiesser.com\/magazin\/wp-json\/wp\/v2\/categories?post=3392"},{"taxonomy":"post_tag","embeddable":true,"href":"https:\/\/www.schiesser.com\/magazin\/wp-json\/wp\/v2\/tags?post=3392"}],"curies":[{"name":"wp","href":"https:\/\/api.w.org\/{rel}","templated":true}]}}