{"id":3773,"date":"2021-10-05T09:02:00","date_gmt":"2021-10-05T07:02:00","guid":{"rendered":"https:\/\/www.schiesser.com\/magazin\/?p=3773"},"modified":"2021-10-11T15:02:49","modified_gmt":"2021-10-11T13:02:49","slug":"sauna-wetter-ab-in-den-bademantel","status":"publish","type":"post","link":"https:\/\/www.schiesser.com\/magazin\/sauna-wetter-ab-in-den-bademantel\/","title":{"rendered":"Sauna-Wetter: ab in den Bademantel!"},"content":{"rendered":"\n<p>So sch\u00f6n der lange Sommer auch war, so hat der regnerische Herbst doch auch etwas f\u00fcr sich: endlich wieder Sauna-Saison! Wir k\u00f6nnen es uns in der W\u00e4rme gem\u00fctlich machen und die Seele baumeln lassen. Ein Must-have f\u00fcr alle Wellness-Freunde: der gem\u00fctliche Bademantel!<\/p>\n\n\n\n<!--more-->\n\n\n\n<div style=\"height:30px\" aria-hidden=\"true\" class=\"wp-block-spacer\"><\/div>\n\n\n\n<figure class=\"wp-block-image size-large\"><img decoding=\"async\" width=\"1024\" height=\"682\" src=\"https:\/\/www.schiesser.com\/magazin\/wp-content\/uploads\/SR_DA_BSIC_128545_31.05.2024_RGB-1024x682.jpg\" alt=\"\" class=\"wp-image-5074\" srcset=\"https:\/\/www.schiesser.com\/magazin\/wp-content\/uploads\/SR_DA_BSIC_128545_31.05.2024_RGB-1024x682.jpg 1024w, https:\/\/www.schiesser.com\/magazin\/wp-content\/uploads\/SR_DA_BSIC_128545_31.05.2024_RGB-300x200.jpg 300w, https:\/\/www.schiesser.com\/magazin\/wp-content\/uploads\/SR_DA_BSIC_128545_31.05.2024_RGB-768x512.jpg 768w, https:\/\/www.schiesser.com\/magazin\/wp-content\/uploads\/SR_DA_BSIC_128545_31.05.2024_RGB-1536x1023.jpg 1536w, https:\/\/www.schiesser.com\/magazin\/wp-content\/uploads\/SR_DA_BSIC_128545_31.05.2024_RGB-2048x1364.jpg 2048w, https:\/\/www.schiesser.com\/magazin\/wp-content\/uploads\/SR_DA_BSIC_128545_31.05.2024_RGB-285x190.jpg 285w, https:\/\/www.schiesser.com\/magazin\/wp-content\/uploads\/SR_DA_BSIC_128545_31.05.2024_RGB-600x400.jpg 600w, https:\/\/www.schiesser.com\/magazin\/wp-content\/uploads\/SR_DA_BSIC_128545_31.05.2024_RGB-100x67.jpg 100w, https:\/\/www.schiesser.com\/magazin\/wp-content\/uploads\/SR_DA_BSIC_128545_31.05.2024_RGB-150x100.jpg 150w, https:\/\/www.schiesser.com\/magazin\/wp-content\/uploads\/SR_DA_BSIC_128545_31.05.2024_RGB-200x133.jpg 200w, https:\/\/www.schiesser.com\/magazin\/wp-content\/uploads\/SR_DA_BSIC_128545_31.05.2024_RGB-450x300.jpg 450w, https:\/\/www.schiesser.com\/magazin\/wp-content\/uploads\/SR_DA_BSIC_128545_31.05.2024_RGB-900x600.jpg 900w\" sizes=\"(max-width: 1024px) 100vw, 1024px\" \/><\/figure>\n\n\n\n<div style=\"height:30px\" aria-hidden=\"true\" class=\"wp-block-spacer\"><\/div>\n\n\n\n<h3>Der Damen Bademantel: kuschelweich in tollen Farben<\/h3>\n\n\n\n<p>&#8222;Kuscheln erlaubt&#8220; ist das Motto dieser <a href=\"https:\/\/www.schiesser.com\/damenbekleidung-bademode-bademaentel-fleecemantel-knopfleiste-kragen-blau-selected-premium-inspiration.html\" target=\"_blank\" rel=\"noreferrer noopener\">Bademantel<\/a>-Saison bei unseren Damen! Der Star am Wellness-Himmel schwebt wie eine wattige Wolke daher und verw\u00f6hnt uns mit unvergleichbarer Sanftheit. Wunderbar warmer <a href=\"https:\/\/www.schiesser.com\/damenbekleidung-unterwaesche-bademaentel-fleecemantel-knopfleiste-kragen-burgund-selected-premium-inspiration.html\" target=\"_blank\" rel=\"noreferrer noopener\">Fleece<\/a> in Flausch-Qualit\u00e4t verw\u00f6hnt hierbei Ihre Haut und spendet ganz viel Wohlgef\u00fchl. Wie eine sanfte, herzliche Umarmung tut dieser Bademantel einfach nur gut und gibt Ihnen das Gef\u00fchl, abschalten zu k\u00f6nnen, loszulassen und all die Sorgen der vergangenen Monate hinter sich zu lassen. <\/p>\n\n\n\n<p>Aber auch die Klassiker in geringeltem, <a href=\"https:\/\/www.schiesser.com\/damenbekleidung-unterwaesche-bademaentel-bademantel-mit-kapuze-leichtfrottee-hellgrau-geringelt-selected-premium.html\" target=\"_blank\" rel=\"noreferrer noopener\">leichtem Frottee<\/a> aus 100% Baumwolle oder der eleganten Variante mit hohem <a href=\"https:\/\/www.schiesser.com\/wohnen-bademaentel-damen-bademantel-frottee-bambus-paspeln-nachtblau-winter-blossom.html\" target=\"_blank\" rel=\"noreferrer noopener\">Bambusanteil<\/a> d\u00fcrfen nicht fehlen. In zartem Rosa, dunklem Blau oder fr\u00f6hlichem Ringel-Look &#8211; hier ist f\u00fcr alle Damen etwas dabei und der Bademantel wird ganz schnell zum neuen Wohlf\u00fchl-Liebling! <\/p>\n\n\n\n<div style=\"height:30px\" aria-hidden=\"true\" class=\"wp-block-spacer\"><\/div>\n\n\n\n<figure class=\"is-layout-flex wp-block-gallery-1 wp-block-gallery columns-3 is-cropped\"><ul class=\"blocks-gallery-grid\"><li class=\"blocks-gallery-item\"><figure><img decoding=\"async\" width=\"718\" height=\"1024\" src=\"https:\/\/www.schiesser.com\/magazin\/wp-content\/uploads\/Bildschirmfoto-2021-10-05-um-12.45.08-718x1024.png\" alt=\"\" data-id=\"5065\" data-full-url=\"https:\/\/www.schiesser.com\/magazin\/wp-content\/uploads\/Bildschirmfoto-2021-10-05-um-12.45.08.png\" data-link=\"https:\/\/www.schiesser.com\/magazin\/sauna-wetter-ab-in-den-bademantel\/bildschirmfoto-2021-10-05-um-12-45-08\/\" class=\"wp-image-5065\" srcset=\"https:\/\/www.schiesser.com\/magazin\/wp-content\/uploads\/Bildschirmfoto-2021-10-05-um-12.45.08-718x1024.png 718w, https:\/\/www.schiesser.com\/magazin\/wp-content\/uploads\/Bildschirmfoto-2021-10-05-um-12.45.08-210x300.png 210w, https:\/\/www.schiesser.com\/magazin\/wp-content\/uploads\/Bildschirmfoto-2021-10-05-um-12.45.08-768x1096.png 768w, https:\/\/www.schiesser.com\/magazin\/wp-content\/uploads\/Bildschirmfoto-2021-10-05-um-12.45.08-133x190.png 133w, https:\/\/www.schiesser.com\/magazin\/wp-content\/uploads\/Bildschirmfoto-2021-10-05-um-12.45.08-280x400.png 280w, https:\/\/www.schiesser.com\/magazin\/wp-content\/uploads\/Bildschirmfoto-2021-10-05-um-12.45.08-600x856.png 600w, https:\/\/www.schiesser.com\/magazin\/wp-content\/uploads\/Bildschirmfoto-2021-10-05-um-12.45.08-100x143.png 100w, https:\/\/www.schiesser.com\/magazin\/wp-content\/uploads\/Bildschirmfoto-2021-10-05-um-12.45.08-150x214.png 150w, https:\/\/www.schiesser.com\/magazin\/wp-content\/uploads\/Bildschirmfoto-2021-10-05-um-12.45.08-200x285.png 200w, https:\/\/www.schiesser.com\/magazin\/wp-content\/uploads\/Bildschirmfoto-2021-10-05-um-12.45.08-300x428.png 300w, https:\/\/www.schiesser.com\/magazin\/wp-content\/uploads\/Bildschirmfoto-2021-10-05-um-12.45.08-450x642.png 450w, https:\/\/www.schiesser.com\/magazin\/wp-content\/uploads\/Bildschirmfoto-2021-10-05-um-12.45.08-900x1284.png 900w, https:\/\/www.schiesser.com\/magazin\/wp-content\/uploads\/Bildschirmfoto-2021-10-05-um-12.45.08.png 984w\" sizes=\"(max-width: 718px) 100vw, 718px\" \/><\/figure><\/li><li class=\"blocks-gallery-item\"><figure><img decoding=\"async\" width=\"743\" height=\"1024\" src=\"https:\/\/www.schiesser.com\/magazin\/wp-content\/uploads\/Bildschirmfoto-2021-10-05-um-12.44.29-743x1024.png\" alt=\"\" data-id=\"5063\" data-full-url=\"https:\/\/www.schiesser.com\/magazin\/wp-content\/uploads\/Bildschirmfoto-2021-10-05-um-12.44.29.png\" data-link=\"https:\/\/www.schiesser.com\/magazin\/sauna-wetter-ab-in-den-bademantel\/bildschirmfoto-2021-10-05-um-12-44-29\/\" class=\"wp-image-5063\" srcset=\"https:\/\/www.schiesser.com\/magazin\/wp-content\/uploads\/Bildschirmfoto-2021-10-05-um-12.44.29-743x1024.png 743w, https:\/\/www.schiesser.com\/magazin\/wp-content\/uploads\/Bildschirmfoto-2021-10-05-um-12.44.29-218x300.png 218w, https:\/\/www.schiesser.com\/magazin\/wp-content\/uploads\/Bildschirmfoto-2021-10-05-um-12.44.29-768x1059.png 768w, https:\/\/www.schiesser.com\/magazin\/wp-content\/uploads\/Bildschirmfoto-2021-10-05-um-12.44.29-138x190.png 138w, https:\/\/www.schiesser.com\/magazin\/wp-content\/uploads\/Bildschirmfoto-2021-10-05-um-12.44.29-290x400.png 290w, https:\/\/www.schiesser.com\/magazin\/wp-content\/uploads\/Bildschirmfoto-2021-10-05-um-12.44.29-600x827.png 600w, https:\/\/www.schiesser.com\/magazin\/wp-content\/uploads\/Bildschirmfoto-2021-10-05-um-12.44.29-100x138.png 100w, https:\/\/www.schiesser.com\/magazin\/wp-content\/uploads\/Bildschirmfoto-2021-10-05-um-12.44.29-150x207.png 150w, https:\/\/www.schiesser.com\/magazin\/wp-content\/uploads\/Bildschirmfoto-2021-10-05-um-12.44.29-200x276.png 200w, https:\/\/www.schiesser.com\/magazin\/wp-content\/uploads\/Bildschirmfoto-2021-10-05-um-12.44.29-300x414.png 300w, https:\/\/www.schiesser.com\/magazin\/wp-content\/uploads\/Bildschirmfoto-2021-10-05-um-12.44.29-450x620.png 450w, https:\/\/www.schiesser.com\/magazin\/wp-content\/uploads\/Bildschirmfoto-2021-10-05-um-12.44.29-900x1241.png 900w, https:\/\/www.schiesser.com\/magazin\/wp-content\/uploads\/Bildschirmfoto-2021-10-05-um-12.44.29.png 972w\" sizes=\"(max-width: 743px) 100vw, 743px\" \/><\/figure><\/li><li class=\"blocks-gallery-item\"><figure><img decoding=\"async\" width=\"710\" height=\"1024\" src=\"https:\/\/www.schiesser.com\/magazin\/wp-content\/uploads\/Bildschirmfoto-2021-10-05-um-12.44.47-710x1024.png\" alt=\"\" data-id=\"5064\" data-full-url=\"https:\/\/www.schiesser.com\/magazin\/wp-content\/uploads\/Bildschirmfoto-2021-10-05-um-12.44.47.png\" data-link=\"https:\/\/www.schiesser.com\/magazin\/sauna-wetter-ab-in-den-bademantel\/bildschirmfoto-2021-10-05-um-12-44-47\/\" class=\"wp-image-5064\" srcset=\"https:\/\/www.schiesser.com\/magazin\/wp-content\/uploads\/Bildschirmfoto-2021-10-05-um-12.44.47-710x1024.png 710w, https:\/\/www.schiesser.com\/magazin\/wp-content\/uploads\/Bildschirmfoto-2021-10-05-um-12.44.47-208x300.png 208w, https:\/\/www.schiesser.com\/magazin\/wp-content\/uploads\/Bildschirmfoto-2021-10-05-um-12.44.47-768x1107.png 768w, https:\/\/www.schiesser.com\/magazin\/wp-content\/uploads\/Bildschirmfoto-2021-10-05-um-12.44.47-132x190.png 132w, https:\/\/www.schiesser.com\/magazin\/wp-content\/uploads\/Bildschirmfoto-2021-10-05-um-12.44.47-277x400.png 277w, https:\/\/www.schiesser.com\/magazin\/wp-content\/uploads\/Bildschirmfoto-2021-10-05-um-12.44.47-600x865.png 600w, https:\/\/www.schiesser.com\/magazin\/wp-content\/uploads\/Bildschirmfoto-2021-10-05-um-12.44.47-100x144.png 100w, https:\/\/www.schiesser.com\/magazin\/wp-content\/uploads\/Bildschirmfoto-2021-10-05-um-12.44.47-150x216.png 150w, https:\/\/www.schiesser.com\/magazin\/wp-content\/uploads\/Bildschirmfoto-2021-10-05-um-12.44.47-200x288.png 200w, https:\/\/www.schiesser.com\/magazin\/wp-content\/uploads\/Bildschirmfoto-2021-10-05-um-12.44.47-300x432.png 300w, https:\/\/www.schiesser.com\/magazin\/wp-content\/uploads\/Bildschirmfoto-2021-10-05-um-12.44.47-450x649.png 450w, https:\/\/www.schiesser.com\/magazin\/wp-content\/uploads\/Bildschirmfoto-2021-10-05-um-12.44.47-900x1297.png 900w, https:\/\/www.schiesser.com\/magazin\/wp-content\/uploads\/Bildschirmfoto-2021-10-05-um-12.44.47.png 974w\" sizes=\"(max-width: 710px) 100vw, 710px\" \/><\/figure><\/li><\/ul><\/figure>\n\n\n\n<div class=\"cta-container\" class=\"wp-block-gutenberg-call-to-action-call-to-action-block\"><a href=\"https:\/\/www.schiesser.com\/damenbekleidung-bademode-bademaentel\/\" style=\"color:black;border-radius:undefinedpx;background-color:Gray;padding:10px;font-size:undefinedpx;text-decoration:none\">Jetzt Bademantel f\u00fcr Damen shoppen!<\/a><\/div>\n\n\n\n<div style=\"height:31px\" aria-hidden=\"true\" class=\"wp-block-spacer\"><\/div>\n\n\n\n<h3>Der Herren Bademantel: stilvoll und elegant<\/h3>\n\n\n\n<p>Selbstverst\u00e4ndlich sollen es sich auch unsere Herren so richtig gem\u00fctlich machen, denn neben zeitlosem <a href=\"https:\/\/www.schiesser.com\/herrenbekleidung-unterwaesche-bademaentel-bademantel-frottee-navy-roger-moore.html\" target=\"_blank\" rel=\"noreferrer noopener\">Frottee <\/a>oder <a href=\"https:\/\/www.schiesser.com\/herrenbekleidung-unterwaesche-bademaentel-bademantel-waffelpiqu-frottee-weiss-selected-premium.html\" target=\"_blank\" rel=\"noreferrer noopener\">Waffelpiqu\u00e9<\/a> d\u00fcrfen Sie sich auf einen ebenso soften <a href=\"https:\/\/www.schiesser.com\/herrenbekleidung-bademode-bademaentel-bademantel-kurz-fleece-ringel-bordeaux-selected-premium.html\" target=\"_blank\" rel=\"noreferrer noopener\">Fleece Bademantel<\/a> freuen! In eleganter, kurzer Version mit Paspeln und Bindeg\u00fcrtel ist dieser Mantel genau das Richtige daheim, zum duftenden Kaffee am Morgen oder nach einem erholsamen Bad. <\/p>\n\n\n\n<div style=\"height:30px\" aria-hidden=\"true\" class=\"wp-block-spacer\"><\/div>\n\n\n\n<figure class=\"is-layout-flex wp-block-gallery-3 wp-block-gallery columns-3 is-cropped\"><ul class=\"blocks-gallery-grid\"><li class=\"blocks-gallery-item\"><figure><img decoding=\"async\" width=\"712\" height=\"1024\" src=\"https:\/\/www.schiesser.com\/magazin\/wp-content\/uploads\/Bildschirmfoto-2021-10-05-um-12.46.42-712x1024.png\" alt=\"\" data-id=\"5069\" data-link=\"https:\/\/www.schiesser.com\/magazin\/sauna-wetter-ab-in-den-bademantel\/bildschirmfoto-2021-10-05-um-12-46-42\/\" class=\"wp-image-5069\" srcset=\"https:\/\/www.schiesser.com\/magazin\/wp-content\/uploads\/Bildschirmfoto-2021-10-05-um-12.46.42-712x1024.png 712w, https:\/\/www.schiesser.com\/magazin\/wp-content\/uploads\/Bildschirmfoto-2021-10-05-um-12.46.42-209x300.png 209w, https:\/\/www.schiesser.com\/magazin\/wp-content\/uploads\/Bildschirmfoto-2021-10-05-um-12.46.42-768x1105.png 768w, https:\/\/www.schiesser.com\/magazin\/wp-content\/uploads\/Bildschirmfoto-2021-10-05-um-12.46.42-132x190.png 132w, https:\/\/www.schiesser.com\/magazin\/wp-content\/uploads\/Bildschirmfoto-2021-10-05-um-12.46.42-278x400.png 278w, https:\/\/www.schiesser.com\/magazin\/wp-content\/uploads\/Bildschirmfoto-2021-10-05-um-12.46.42-600x863.png 600w, https:\/\/www.schiesser.com\/magazin\/wp-content\/uploads\/Bildschirmfoto-2021-10-05-um-12.46.42-100x144.png 100w, https:\/\/www.schiesser.com\/magazin\/wp-content\/uploads\/Bildschirmfoto-2021-10-05-um-12.46.42-150x216.png 150w, https:\/\/www.schiesser.com\/magazin\/wp-content\/uploads\/Bildschirmfoto-2021-10-05-um-12.46.42-200x288.png 200w, https:\/\/www.schiesser.com\/magazin\/wp-content\/uploads\/Bildschirmfoto-2021-10-05-um-12.46.42-300x432.png 300w, https:\/\/www.schiesser.com\/magazin\/wp-content\/uploads\/Bildschirmfoto-2021-10-05-um-12.46.42-450x647.png 450w, https:\/\/www.schiesser.com\/magazin\/wp-content\/uploads\/Bildschirmfoto-2021-10-05-um-12.46.42-900x1295.png 900w, https:\/\/www.schiesser.com\/magazin\/wp-content\/uploads\/Bildschirmfoto-2021-10-05-um-12.46.42.png 976w\" sizes=\"(max-width: 712px) 100vw, 712px\" \/><\/figure><\/li><li class=\"blocks-gallery-item\"><figure><img decoding=\"async\" width=\"721\" height=\"1024\" src=\"https:\/\/www.schiesser.com\/magazin\/wp-content\/uploads\/Bildschirmfoto-2021-10-05-um-12.46.12-721x1024.png\" alt=\"\" data-id=\"5068\" data-link=\"https:\/\/www.schiesser.com\/magazin\/sauna-wetter-ab-in-den-bademantel\/bildschirmfoto-2021-10-05-um-12-46-12\/\" class=\"wp-image-5068\" srcset=\"https:\/\/www.schiesser.com\/magazin\/wp-content\/uploads\/Bildschirmfoto-2021-10-05-um-12.46.12-721x1024.png 721w, https:\/\/www.schiesser.com\/magazin\/wp-content\/uploads\/Bildschirmfoto-2021-10-05-um-12.46.12-211x300.png 211w, https:\/\/www.schiesser.com\/magazin\/wp-content\/uploads\/Bildschirmfoto-2021-10-05-um-12.46.12-768x1090.png 768w, https:\/\/www.schiesser.com\/magazin\/wp-content\/uploads\/Bildschirmfoto-2021-10-05-um-12.46.12-134x190.png 134w, https:\/\/www.schiesser.com\/magazin\/wp-content\/uploads\/Bildschirmfoto-2021-10-05-um-12.46.12-282x400.png 282w, https:\/\/www.schiesser.com\/magazin\/wp-content\/uploads\/Bildschirmfoto-2021-10-05-um-12.46.12-600x852.png 600w, https:\/\/www.schiesser.com\/magazin\/wp-content\/uploads\/Bildschirmfoto-2021-10-05-um-12.46.12-100x142.png 100w, https:\/\/www.schiesser.com\/magazin\/wp-content\/uploads\/Bildschirmfoto-2021-10-05-um-12.46.12-150x213.png 150w, https:\/\/www.schiesser.com\/magazin\/wp-content\/uploads\/Bildschirmfoto-2021-10-05-um-12.46.12-200x284.png 200w, https:\/\/www.schiesser.com\/magazin\/wp-content\/uploads\/Bildschirmfoto-2021-10-05-um-12.46.12-300x426.png 300w, https:\/\/www.schiesser.com\/magazin\/wp-content\/uploads\/Bildschirmfoto-2021-10-05-um-12.46.12-450x639.png 450w, https:\/\/www.schiesser.com\/magazin\/wp-content\/uploads\/Bildschirmfoto-2021-10-05-um-12.46.12-900x1278.png 900w, https:\/\/www.schiesser.com\/magazin\/wp-content\/uploads\/Bildschirmfoto-2021-10-05-um-12.46.12.png 972w\" sizes=\"(max-width: 721px) 100vw, 721px\" \/><\/figure><\/li><li class=\"blocks-gallery-item\"><figure><img decoding=\"async\" width=\"710\" height=\"1024\" src=\"https:\/\/www.schiesser.com\/magazin\/wp-content\/uploads\/Bildschirmfoto-2021-10-05-um-12.45.32-710x1024.png\" alt=\"\" data-id=\"5066\" data-link=\"https:\/\/www.schiesser.com\/magazin\/sauna-wetter-ab-in-den-bademantel\/bildschirmfoto-2021-10-05-um-12-45-32\/\" class=\"wp-image-5066\" srcset=\"https:\/\/www.schiesser.com\/magazin\/wp-content\/uploads\/Bildschirmfoto-2021-10-05-um-12.45.32-710x1024.png 710w, https:\/\/www.schiesser.com\/magazin\/wp-content\/uploads\/Bildschirmfoto-2021-10-05-um-12.45.32-208x300.png 208w, https:\/\/www.schiesser.com\/magazin\/wp-content\/uploads\/Bildschirmfoto-2021-10-05-um-12.45.32-768x1108.png 768w, https:\/\/www.schiesser.com\/magazin\/wp-content\/uploads\/Bildschirmfoto-2021-10-05-um-12.45.32-132x190.png 132w, https:\/\/www.schiesser.com\/magazin\/wp-content\/uploads\/Bildschirmfoto-2021-10-05-um-12.45.32-277x400.png 277w, https:\/\/www.schiesser.com\/magazin\/wp-content\/uploads\/Bildschirmfoto-2021-10-05-um-12.45.32-600x865.png 600w, https:\/\/www.schiesser.com\/magazin\/wp-content\/uploads\/Bildschirmfoto-2021-10-05-um-12.45.32-100x144.png 100w, https:\/\/www.schiesser.com\/magazin\/wp-content\/uploads\/Bildschirmfoto-2021-10-05-um-12.45.32-150x216.png 150w, https:\/\/www.schiesser.com\/magazin\/wp-content\/uploads\/Bildschirmfoto-2021-10-05-um-12.45.32-200x288.png 200w, https:\/\/www.schiesser.com\/magazin\/wp-content\/uploads\/Bildschirmfoto-2021-10-05-um-12.45.32-300x433.png 300w, https:\/\/www.schiesser.com\/magazin\/wp-content\/uploads\/Bildschirmfoto-2021-10-05-um-12.45.32-450x649.png 450w, https:\/\/www.schiesser.com\/magazin\/wp-content\/uploads\/Bildschirmfoto-2021-10-05-um-12.45.32-900x1298.png 900w, https:\/\/www.schiesser.com\/magazin\/wp-content\/uploads\/Bildschirmfoto-2021-10-05-um-12.45.32.png 972w\" sizes=\"(max-width: 710px) 100vw, 710px\" \/><\/figure><\/li><li class=\"blocks-gallery-item\"><figure><img decoding=\"async\" width=\"713\" height=\"1024\" src=\"https:\/\/www.schiesser.com\/magazin\/wp-content\/uploads\/Bildschirmfoto-2021-10-05-um-13.07.29-713x1024.png\" alt=\"\" data-id=\"5072\" data-full-url=\"https:\/\/www.schiesser.com\/magazin\/wp-content\/uploads\/Bildschirmfoto-2021-10-05-um-13.07.29.png\" data-link=\"https:\/\/www.schiesser.com\/magazin\/sauna-wetter-ab-in-den-bademantel\/bildschirmfoto-2021-10-05-um-13-07-29\/\" class=\"wp-image-5072\" srcset=\"https:\/\/www.schiesser.com\/magazin\/wp-content\/uploads\/Bildschirmfoto-2021-10-05-um-13.07.29-713x1024.png 713w, https:\/\/www.schiesser.com\/magazin\/wp-content\/uploads\/Bildschirmfoto-2021-10-05-um-13.07.29-209x300.png 209w, https:\/\/www.schiesser.com\/magazin\/wp-content\/uploads\/Bildschirmfoto-2021-10-05-um-13.07.29-768x1102.png 768w, https:\/\/www.schiesser.com\/magazin\/wp-content\/uploads\/Bildschirmfoto-2021-10-05-um-13.07.29-132x190.png 132w, https:\/\/www.schiesser.com\/magazin\/wp-content\/uploads\/Bildschirmfoto-2021-10-05-um-13.07.29-279x400.png 279w, https:\/\/www.schiesser.com\/magazin\/wp-content\/uploads\/Bildschirmfoto-2021-10-05-um-13.07.29-600x861.png 600w, https:\/\/www.schiesser.com\/magazin\/wp-content\/uploads\/Bildschirmfoto-2021-10-05-um-13.07.29-100x144.png 100w, https:\/\/www.schiesser.com\/magazin\/wp-content\/uploads\/Bildschirmfoto-2021-10-05-um-13.07.29-150x215.png 150w, https:\/\/www.schiesser.com\/magazin\/wp-content\/uploads\/Bildschirmfoto-2021-10-05-um-13.07.29-200x287.png 200w, https:\/\/www.schiesser.com\/magazin\/wp-content\/uploads\/Bildschirmfoto-2021-10-05-um-13.07.29-300x431.png 300w, https:\/\/www.schiesser.com\/magazin\/wp-content\/uploads\/Bildschirmfoto-2021-10-05-um-13.07.29-450x646.png 450w, https:\/\/www.schiesser.com\/magazin\/wp-content\/uploads\/Bildschirmfoto-2021-10-05-um-13.07.29-900x1292.png 900w, https:\/\/www.schiesser.com\/magazin\/wp-content\/uploads\/Bildschirmfoto-2021-10-05-um-13.07.29.png 974w\" sizes=\"(max-width: 713px) 100vw, 713px\" \/><\/figure><\/li><\/ul><\/figure>\n\n\n\n<div style=\"height:41px\" aria-hidden=\"true\" class=\"wp-block-spacer\"><\/div>\n\n\n\n<div class=\"cta-container\" class=\"wp-block-gutenberg-call-to-action-call-to-action-block\"><a href=\"https:\/\/www.schiesser.com\/herrenbekleidung-bademode-bademaentel\/\" style=\"color:black;border-radius:undefinedpx;background-color:Gray;padding:10px;font-size:undefinedpx;text-decoration:none\">Jetzt alle Badem\u00e4ntel f\u00fcr Herren entdecken!<\/a><\/div>\n\n\n\n<hr class=\"wp-block-separator\"\/>\n\n\n\n<p><em>Lassen Sie es sich gut gehen in diesem Herbst und nehmen Sie sich Zeit zum Entspannen, Genie\u00dfen und Kraft tanken. Mit einem kuscheligen Bademantel, einem guten Buch oder sch\u00f6ner Musik auf den Ohren schaffen Sie sich schnell Ihre kleine Wellness-Zuflucht &#8211; ganz gleich, was um Sie herum derzeit gerade passiert. SCHIESSER w\u00fcnscht eine wundersch\u00f6ne Entspannung! <\/em><\/p>\n\n\n\n<p><\/p>\n","protected":false},"excerpt":{"rendered":"<p>So sch\u00f6n der lange Sommer auch war, so hat der regnerische Herbst doch auch etwas f\u00fcr sich: endlich wieder Sauna-Saison! Wir k\u00f6nnen es uns in der W\u00e4rme gem\u00fctlich machen und die Seele baumeln lassen. Ein Must-have f\u00fcr alle Wellness-Freunde: der gem\u00fctliche Bademantel!<\/p>\n","protected":false},"author":2,"featured_media":5074,"comment_status":"open","ping_status":"open","sticky":false,"template":"","format":"standard","meta":[],"categories":[93],"tags":[],"yoast_head":"<!-- This site is optimized with the Yoast SEO plugin v20.2 - https:\/\/yoast.com\/wordpress\/plugins\/seo\/ -->\n<title>Sauna-Wetter: ab in den Bademantel! - Schiesser Magazin<\/title>\n<meta name=\"description\" content=\"Herbstwetter ist Sauna-Zeit! Welcher Bademantel jetzt der Beste f\u00fcr Sie ist lesen Sie im SCHIESSER Magazin!\" \/>\n<meta name=\"robots\" content=\"index, follow, max-snippet:-1, max-image-preview:large, max-video-preview:-1\" \/>\n<link rel=\"canonical\" href=\"https:\/\/www.schiesser.com\/magazin\/sauna-wetter-ab-in-den-bademantel\/\" \/>\n<meta property=\"og:locale\" content=\"de_DE\" \/>\n<meta property=\"og:type\" content=\"article\" \/>\n<meta property=\"og:title\" content=\"Sauna-Wetter: ab in den Bademantel! - Schiesser Magazin\" \/>\n<meta property=\"og:description\" content=\"Herbstwetter ist Sauna-Zeit! Welcher Bademantel jetzt der Beste f\u00fcr Sie ist lesen Sie im SCHIESSER Magazin!\" \/>\n<meta property=\"og:url\" content=\"https:\/\/www.schiesser.com\/magazin\/sauna-wetter-ab-in-den-bademantel\/\" \/>\n<meta property=\"og:site_name\" content=\"Schiesser\" \/>\n<meta property=\"article:publisher\" content=\"https:\/\/www.facebook.com\/SCHIESSERGmbH1875\" \/>\n<meta property=\"article:published_time\" content=\"2021-10-05T07:02:00+00:00\" \/>\n<meta property=\"article:modified_time\" content=\"2021-10-11T13:02:49+00:00\" \/>\n<meta property=\"og:image\" content=\"https:\/\/www.schiesser.com\/magazin\/wp-content\/uploads\/SR_DA_BSIC_128545_31.05.2024_RGB.jpg\" \/>\n\t<meta property=\"og:image:width\" content=\"2480\" \/>\n\t<meta property=\"og:image:height\" content=\"1652\" \/>\n\t<meta property=\"og:image:type\" content=\"image\/jpeg\" \/>\n<meta name=\"author\" content=\"SCHIESSER\" \/>\n<meta name=\"twitter:card\" content=\"summary_large_image\" \/>\n<meta name=\"twitter:creator\" content=\"@schiessergmbh\" \/>\n<meta name=\"twitter:site\" content=\"@schiessergmbh\" \/>\n<meta name=\"twitter:label1\" content=\"Verfasst von\" \/>\n\t<meta name=\"twitter:data1\" content=\"SCHIESSER\" \/>\n\t<meta name=\"twitter:label2\" content=\"Gesch\u00e4tzte Lesezeit\" \/>\n\t<meta name=\"twitter:data2\" content=\"3 Minuten\" \/>\n<script type=\"application\/ld+json\" class=\"yoast-schema-graph\">{\"@context\":\"https:\/\/schema.org\",\"@graph\":[{\"@type\":\"Article\",\"@id\":\"https:\/\/www.schiesser.com\/magazin\/sauna-wetter-ab-in-den-bademantel\/#article\",\"isPartOf\":{\"@id\":\"https:\/\/www.schiesser.com\/magazin\/sauna-wetter-ab-in-den-bademantel\/\"},\"author\":{\"name\":\"SCHIESSER\",\"@id\":\"https:\/\/www.schiesser.com\/magazin\/#\/schema\/person\/e72bf75bf2cf3d94af84e9643a034d48\"},\"headline\":\"Sauna-Wetter: ab in den Bademantel!\",\"datePublished\":\"2021-10-05T07:02:00+00:00\",\"dateModified\":\"2021-10-11T13:02:49+00:00\",\"mainEntityOfPage\":{\"@id\":\"https:\/\/www.schiesser.com\/magazin\/sauna-wetter-ab-in-den-bademantel\/\"},\"wordCount\":322,\"commentCount\":0,\"publisher\":{\"@id\":\"https:\/\/www.schiesser.com\/magazin\/#organization\"},\"articleSection\":[\"Lifestyle\"],\"inLanguage\":\"de-DE\",\"potentialAction\":[{\"@type\":\"CommentAction\",\"name\":\"Comment\",\"target\":[\"https:\/\/www.schiesser.com\/magazin\/sauna-wetter-ab-in-den-bademantel\/#respond\"]}]},{\"@type\":\"WebPage\",\"@id\":\"https:\/\/www.schiesser.com\/magazin\/sauna-wetter-ab-in-den-bademantel\/\",\"url\":\"https:\/\/www.schiesser.com\/magazin\/sauna-wetter-ab-in-den-bademantel\/\",\"name\":\"Sauna-Wetter: ab in den Bademantel! - Schiesser Magazin\",\"isPartOf\":{\"@id\":\"https:\/\/www.schiesser.com\/magazin\/#website\"},\"datePublished\":\"2021-10-05T07:02:00+00:00\",\"dateModified\":\"2021-10-11T13:02:49+00:00\",\"description\":\"Herbstwetter ist Sauna-Zeit! Welcher Bademantel jetzt der Beste f\u00fcr Sie ist lesen Sie im SCHIESSER Magazin!\",\"breadcrumb\":{\"@id\":\"https:\/\/www.schiesser.com\/magazin\/sauna-wetter-ab-in-den-bademantel\/#breadcrumb\"},\"inLanguage\":\"de-DE\",\"potentialAction\":[{\"@type\":\"ReadAction\",\"target\":[\"https:\/\/www.schiesser.com\/magazin\/sauna-wetter-ab-in-den-bademantel\/\"]}]},{\"@type\":\"BreadcrumbList\",\"@id\":\"https:\/\/www.schiesser.com\/magazin\/sauna-wetter-ab-in-den-bademantel\/#breadcrumb\",\"itemListElement\":[{\"@type\":\"ListItem\",\"position\":1,\"name\":\"Home\",\"item\":\"https:\/\/www.schiesser.com\/magazin\/\"},{\"@type\":\"ListItem\",\"position\":2,\"name\":\"Sauna-Wetter: ab in den Bademantel!\"}]},{\"@type\":\"WebSite\",\"@id\":\"https:\/\/www.schiesser.com\/magazin\/#website\",\"url\":\"https:\/\/www.schiesser.com\/magazin\/\",\"name\":\"Schiesser\",\"description\":\"Nat\u00fcrlich. Zeitgeist. Seit 1875\",\"publisher\":{\"@id\":\"https:\/\/www.schiesser.com\/magazin\/#organization\"},\"potentialAction\":[{\"@type\":\"SearchAction\",\"target\":{\"@type\":\"EntryPoint\",\"urlTemplate\":\"https:\/\/www.schiesser.com\/magazin\/?s={search_term_string}\"},\"query-input\":\"required name=search_term_string\"}],\"inLanguage\":\"de-DE\"},{\"@type\":\"Organization\",\"@id\":\"https:\/\/www.schiesser.com\/magazin\/#organization\",\"name\":\"Schiesser GmbH\",\"url\":\"https:\/\/www.schiesser.com\/magazin\/\",\"logo\":{\"@type\":\"ImageObject\",\"inLanguage\":\"de-DE\",\"@id\":\"https:\/\/www.schiesser.com\/magazin\/#\/schema\/logo\/image\/\",\"url\":\"https:\/\/www.schiesser.com\/magazin\/wp-content\/uploads\/logo.png\",\"contentUrl\":\"https:\/\/www.schiesser.com\/magazin\/wp-content\/uploads\/logo.png\",\"width\":245,\"height\":42,\"caption\":\"Schiesser GmbH\"},\"image\":{\"@id\":\"https:\/\/www.schiesser.com\/magazin\/#\/schema\/logo\/image\/\"},\"sameAs\":[\"https:\/\/www.facebook.com\/SCHIESSERGmbH1875\",\"https:\/\/twitter.com\/schiessergmbh\",\"https:\/\/www.instagram.com\/schiesser\/\",\"https:\/\/www.pinterest.de\/schiessergmbh\/\",\"https:\/\/www.youtube.com\/channel\/UCCe2pgIFNVcYnfvpt34fGMw\"]},{\"@type\":\"Person\",\"@id\":\"https:\/\/www.schiesser.com\/magazin\/#\/schema\/person\/e72bf75bf2cf3d94af84e9643a034d48\",\"name\":\"SCHIESSER\",\"image\":{\"@type\":\"ImageObject\",\"inLanguage\":\"de-DE\",\"@id\":\"https:\/\/www.schiesser.com\/magazin\/#\/schema\/person\/image\/\",\"url\":\"https:\/\/www.schiesser.com\/magazin\/wp-content\/uploads\/schiesser_profile-100x100.png\",\"contentUrl\":\"https:\/\/www.schiesser.com\/magazin\/wp-content\/uploads\/schiesser_profile-100x100.png\",\"caption\":\"SCHIESSER\"},\"sameAs\":[\"http:\/\/www.schiesser.com\/\"],\"url\":\"https:\/\/www.schiesser.com\/magazin\/author\/m-riester\/\"}]}<\/script>\n<!-- \/ Yoast SEO plugin. -->","yoast_head_json":{"title":"Sauna-Wetter: ab in den Bademantel! - Schiesser Magazin","description":"Herbstwetter ist Sauna-Zeit! Welcher Bademantel jetzt der Beste f\u00fcr Sie ist lesen Sie im SCHIESSER Magazin!","robots":{"index":"index","follow":"follow","max-snippet":"max-snippet:-1","max-image-preview":"max-image-preview:large","max-video-preview":"max-video-preview:-1"},"canonical":"https:\/\/www.schiesser.com\/magazin\/sauna-wetter-ab-in-den-bademantel\/","og_locale":"de_DE","og_type":"article","og_title":"Sauna-Wetter: ab in den Bademantel! - Schiesser Magazin","og_description":"Herbstwetter ist Sauna-Zeit! Welcher Bademantel jetzt der Beste f\u00fcr Sie ist lesen Sie im SCHIESSER Magazin!","og_url":"https:\/\/www.schiesser.com\/magazin\/sauna-wetter-ab-in-den-bademantel\/","og_site_name":"Schiesser","article_publisher":"https:\/\/www.facebook.com\/SCHIESSERGmbH1875","article_published_time":"2021-10-05T07:02:00+00:00","article_modified_time":"2021-10-11T13:02:49+00:00","og_image":[{"width":2480,"height":1652,"url":"https:\/\/www.schiesser.com\/magazin\/wp-content\/uploads\/SR_DA_BSIC_128545_31.05.2024_RGB.jpg","type":"image\/jpeg"}],"author":"SCHIESSER","twitter_card":"summary_large_image","twitter_creator":"@schiessergmbh","twitter_site":"@schiessergmbh","twitter_misc":{"Verfasst von":"SCHIESSER","Gesch\u00e4tzte Lesezeit":"3 Minuten"},"schema":{"@context":"https:\/\/schema.org","@graph":[{"@type":"Article","@id":"https:\/\/www.schiesser.com\/magazin\/sauna-wetter-ab-in-den-bademantel\/#article","isPartOf":{"@id":"https:\/\/www.schiesser.com\/magazin\/sauna-wetter-ab-in-den-bademantel\/"},"author":{"name":"SCHIESSER","@id":"https:\/\/www.schiesser.com\/magazin\/#\/schema\/person\/e72bf75bf2cf3d94af84e9643a034d48"},"headline":"Sauna-Wetter: ab in den Bademantel!","datePublished":"2021-10-05T07:02:00+00:00","dateModified":"2021-10-11T13:02:49+00:00","mainEntityOfPage":{"@id":"https:\/\/www.schiesser.com\/magazin\/sauna-wetter-ab-in-den-bademantel\/"},"wordCount":322,"commentCount":0,"publisher":{"@id":"https:\/\/www.schiesser.com\/magazin\/#organization"},"articleSection":["Lifestyle"],"inLanguage":"de-DE","potentialAction":[{"@type":"CommentAction","name":"Comment","target":["https:\/\/www.schiesser.com\/magazin\/sauna-wetter-ab-in-den-bademantel\/#respond"]}]},{"@type":"WebPage","@id":"https:\/\/www.schiesser.com\/magazin\/sauna-wetter-ab-in-den-bademantel\/","url":"https:\/\/www.schiesser.com\/magazin\/sauna-wetter-ab-in-den-bademantel\/","name":"Sauna-Wetter: ab in den Bademantel! - Schiesser Magazin","isPartOf":{"@id":"https:\/\/www.schiesser.com\/magazin\/#website"},"datePublished":"2021-10-05T07:02:00+00:00","dateModified":"2021-10-11T13:02:49+00:00","description":"Herbstwetter ist Sauna-Zeit! Welcher Bademantel jetzt der Beste f\u00fcr Sie ist lesen Sie im SCHIESSER Magazin!","breadcrumb":{"@id":"https:\/\/www.schiesser.com\/magazin\/sauna-wetter-ab-in-den-bademantel\/#breadcrumb"},"inLanguage":"de-DE","potentialAction":[{"@type":"ReadAction","target":["https:\/\/www.schiesser.com\/magazin\/sauna-wetter-ab-in-den-bademantel\/"]}]},{"@type":"BreadcrumbList","@id":"https:\/\/www.schiesser.com\/magazin\/sauna-wetter-ab-in-den-bademantel\/#breadcrumb","itemListElement":[{"@type":"ListItem","position":1,"name":"Home","item":"https:\/\/www.schiesser.com\/magazin\/"},{"@type":"ListItem","position":2,"name":"Sauna-Wetter: ab in den Bademantel!"}]},{"@type":"WebSite","@id":"https:\/\/www.schiesser.com\/magazin\/#website","url":"https:\/\/www.schiesser.com\/magazin\/","name":"Schiesser","description":"Nat\u00fcrlich. Zeitgeist. Seit 1875","publisher":{"@id":"https:\/\/www.schiesser.com\/magazin\/#organization"},"potentialAction":[{"@type":"SearchAction","target":{"@type":"EntryPoint","urlTemplate":"https:\/\/www.schiesser.com\/magazin\/?s={search_term_string}"},"query-input":"required name=search_term_string"}],"inLanguage":"de-DE"},{"@type":"Organization","@id":"https:\/\/www.schiesser.com\/magazin\/#organization","name":"Schiesser GmbH","url":"https:\/\/www.schiesser.com\/magazin\/","logo":{"@type":"ImageObject","inLanguage":"de-DE","@id":"https:\/\/www.schiesser.com\/magazin\/#\/schema\/logo\/image\/","url":"https:\/\/www.schiesser.com\/magazin\/wp-content\/uploads\/logo.png","contentUrl":"https:\/\/www.schiesser.com\/magazin\/wp-content\/uploads\/logo.png","width":245,"height":42,"caption":"Schiesser GmbH"},"image":{"@id":"https:\/\/www.schiesser.com\/magazin\/#\/schema\/logo\/image\/"},"sameAs":["https:\/\/www.facebook.com\/SCHIESSERGmbH1875","https:\/\/twitter.com\/schiessergmbh","https:\/\/www.instagram.com\/schiesser\/","https:\/\/www.pinterest.de\/schiessergmbh\/","https:\/\/www.youtube.com\/channel\/UCCe2pgIFNVcYnfvpt34fGMw"]},{"@type":"Person","@id":"https:\/\/www.schiesser.com\/magazin\/#\/schema\/person\/e72bf75bf2cf3d94af84e9643a034d48","name":"SCHIESSER","image":{"@type":"ImageObject","inLanguage":"de-DE","@id":"https:\/\/www.schiesser.com\/magazin\/#\/schema\/person\/image\/","url":"https:\/\/www.schiesser.com\/magazin\/wp-content\/uploads\/schiesser_profile-100x100.png","contentUrl":"https:\/\/www.schiesser.com\/magazin\/wp-content\/uploads\/schiesser_profile-100x100.png","caption":"SCHIESSER"},"sameAs":["http:\/\/www.schiesser.com\/"],"url":"https:\/\/www.schiesser.com\/magazin\/author\/m-riester\/"}]}},"_links":{"self":[{"href":"https:\/\/www.schiesser.com\/magazin\/wp-json\/wp\/v2\/posts\/3773"}],"collection":[{"href":"https:\/\/www.schiesser.com\/magazin\/wp-json\/wp\/v2\/posts"}],"about":[{"href":"https:\/\/www.schiesser.com\/magazin\/wp-json\/wp\/v2\/types\/post"}],"author":[{"embeddable":true,"href":"https:\/\/www.schiesser.com\/magazin\/wp-json\/wp\/v2\/users\/2"}],"replies":[{"embeddable":true,"href":"https:\/\/www.schiesser.com\/magazin\/wp-json\/wp\/v2\/comments?post=3773"}],"version-history":[{"count":12,"href":"https:\/\/www.schiesser.com\/magazin\/wp-json\/wp\/v2\/posts\/3773\/revisions"}],"predecessor-version":[{"id":5085,"href":"https:\/\/www.schiesser.com\/magazin\/wp-json\/wp\/v2\/posts\/3773\/revisions\/5085"}],"wp:featuredmedia":[{"embeddable":true,"href":"https:\/\/www.schiesser.com\/magazin\/wp-json\/wp\/v2\/media\/5074"}],"wp:attachment":[{"href":"https:\/\/www.schiesser.com\/magazin\/wp-json\/wp\/v2\/media?parent=3773"}],"wp:term":[{"taxonomy":"category","embeddable":true,"href":"https:\/\/www.schiesser.com\/magazin\/wp-json\/wp\/v2\/categories?post=3773"},{"taxonomy":"post_tag","embeddable":true,"href":"https:\/\/www.schiesser.com\/magazin\/wp-json\/wp\/v2\/tags?post=3773"}],"curies":[{"name":"wp","href":"https:\/\/api.w.org\/{rel}","templated":true}]}}