{"id":3875,"date":"2020-12-07T09:11:11","date_gmt":"2020-12-07T08:11:11","guid":{"rendered":"https:\/\/www.schiesser.com\/magazin\/?p=3875"},"modified":"2020-12-21T11:27:36","modified_gmt":"2020-12-21T10:27:36","slug":"winterwaesche-mit-wolle-und-tencel","status":"publish","type":"post","link":"https:\/\/www.schiesser.com\/magazin\/winterwaesche-mit-wolle-und-tencel\/","title":{"rendered":"Winterw\u00e4sche mit Wolle und Tencel"},"content":{"rendered":"\n<p>Allm\u00e4hlich ist er da: der Winter! Und mit ihm eisige Temperaturen, die uns hautnah daran erinnern, die Winterw\u00e4sche auszupacken. Mit funktionalen Schnitten und raffinierten Materialien halten uns das Longsleeve oder die lange Unterhose sch\u00f6n warm, so dass uns selbst der Spaziergang in Schnee und Eis uns nichts anhaben kann. Unser neuer Winterliebling: W\u00e4sche aus Wolle und Tencel!<\/p>\n\n\n\n<!--more-->\n\n\n\n<div style=\"height:30px\" aria-hidden=\"true\" class=\"wp-block-spacer\"><\/div>\n\n\n\n<h3>Wolle und Tencel: das neue Winterw\u00e4sche Dreamteam!<\/h3>\n\n\n\n<p>In diesem Winter haben wir eine ganz besonders sch\u00f6ne Qualit\u00e4t f\u00fcr unsere Kunden im Angebot: ein wunderbar weicher Single Jersey aus Wolle, Tencel und einem Hauch Elastan. Diese Mischung sorgt daf\u00fcr, dass Ihre Winterw\u00e4sche nicht nur w\u00e4rmt, sondern auch ideal die eigene K\u00f6rpertemperatur reguliert. Selbst, wenn Sie mal bei einem z\u00fcgigen Spaziergang mit den Kids oder dem Hund ins Schwitzen kommen, lassen <a href=\"https:\/\/www.schiesser.com\/damenbekleidung-unterwaesche-leggings-leggings-wolle-tencel-schwarz-selected-premium.html?listtype=search&amp;searchparam=wolle%20tencel\" target=\"_blank\" rel=\"noreferrer noopener\">Leggings<\/a> oder das <a href=\"https:\/\/www.schiesser.com\/herrenbekleidung-nachtwaesche-shirts-shirt-langarm-wolle-tencel-schwarz-selected-premium.html?listtype=search&amp;searchparam=wolle%20tencel\" target=\"_blank\" rel=\"noreferrer noopener\">Langarmshirt<\/a> die Haut atmen und nehmen entstehende Feuchtigkeit ideal auf. <\/p>\n\n\n\n<div style=\"height:30px\" aria-hidden=\"true\" class=\"wp-block-spacer\"><\/div>\n\n\n\n<div class=\"wp-block-image\"><figure class=\"aligncenter size-large\"><img decoding=\"async\" width=\"400\" height=\"533\" src=\"https:\/\/www.schiesser.com\/magazin\/wp-content\/uploads\/Wa\u0308sche-aus-Wolle-und-Tencel-Herren.jpg\" alt=\"Wa\u0308sche aus Wolle und Tencel Herren\" class=\"wp-image-3100\" srcset=\"https:\/\/www.schiesser.com\/magazin\/wp-content\/uploads\/Wa\u0308sche-aus-Wolle-und-Tencel-Herren.jpg 400w, https:\/\/www.schiesser.com\/magazin\/wp-content\/uploads\/Wa\u0308sche-aus-Wolle-und-Tencel-Herren-225x300.jpg 225w, https:\/\/www.schiesser.com\/magazin\/wp-content\/uploads\/Wa\u0308sche-aus-Wolle-und-Tencel-Herren-143x190.jpg 143w, https:\/\/www.schiesser.com\/magazin\/wp-content\/uploads\/Wa\u0308sche-aus-Wolle-und-Tencel-Herren-300x400.jpg 300w, https:\/\/www.schiesser.com\/magazin\/wp-content\/uploads\/Wa\u0308sche-aus-Wolle-und-Tencel-Herren-100x133.jpg 100w, https:\/\/www.schiesser.com\/magazin\/wp-content\/uploads\/Wa\u0308sche-aus-Wolle-und-Tencel-Herren-150x200.jpg 150w, https:\/\/www.schiesser.com\/magazin\/wp-content\/uploads\/Wa\u0308sche-aus-Wolle-und-Tencel-Herren-200x267.jpg 200w\" sizes=\"(max-width: 400px) 100vw, 400px\" \/><\/figure><\/div>\n\n\n\n<div style=\"height:30px\" aria-hidden=\"true\" class=\"wp-block-spacer\"><\/div>\n\n\n\n<p>Apropos ins Schwitzen kommen: Unser neuer, innovativer Materialmix ist geruchshemmend und trocknet im Nu. <\/p>\n\n\n\n<p>Weiterer Vorteil: Durch die Zugabe von nat\u00fcrlichem <a href=\"https:\/\/www.schiesser.com\/magazin\/waesche-die-auf-baeumen-waechst-was-ist-eigentlich-tencel\/\" target=\"_blank\" rel=\"noreferrer noopener\">Tencel <\/a> wird der Single Jersey au\u00dfergew\u00f6hnlich geschmeidigt und trotz Wolle garantiert kratzfrei &#8211; f\u00fcr ein kuschliges, warmes Tragegef\u00fchl! Die Wolle ist selbstverst\u00e4ndlich mulesing-frei. <\/p>\n\n\n\n<div style=\"height:30px\" aria-hidden=\"true\" class=\"wp-block-spacer\"><\/div>\n\n\n\n<p>Und das Elastan? Dieses hochdehnbare Material sorgt daf\u00fcr, dass die Unterw\u00e4sche formstabil bleibt. Bei 30 Grad d\u00fcrfen Sie die Winterw\u00e4sche bequem in der Waschmaschine waschen und dann an der Luft liegend trockenen lassen. So l\u00e4uft ganz sicher nichts ein oder dehnt sich unsch\u00f6n aus. An alles gedacht! <\/p>\n\n\n\n<div style=\"height:30px\" aria-hidden=\"true\" class=\"wp-block-spacer\"><\/div>\n\n\n\n<p><\/p>\n\n\n\n<div class=\"wp-block-image\"><figure class=\"aligncenter size-large\"><img decoding=\"async\" width=\"400\" height=\"533\" src=\"https:\/\/www.schiesser.com\/magazin\/wp-content\/uploads\/Wa\u0308sche-aus-Wolle-und-Tencel-Damen.jpg\" alt=\"Wa\u0308sche aus Wolle und Tencel Damen\" class=\"wp-image-3101\" srcset=\"https:\/\/www.schiesser.com\/magazin\/wp-content\/uploads\/Wa\u0308sche-aus-Wolle-und-Tencel-Damen.jpg 400w, https:\/\/www.schiesser.com\/magazin\/wp-content\/uploads\/Wa\u0308sche-aus-Wolle-und-Tencel-Damen-225x300.jpg 225w, https:\/\/www.schiesser.com\/magazin\/wp-content\/uploads\/Wa\u0308sche-aus-Wolle-und-Tencel-Damen-143x190.jpg 143w, https:\/\/www.schiesser.com\/magazin\/wp-content\/uploads\/Wa\u0308sche-aus-Wolle-und-Tencel-Damen-300x400.jpg 300w, https:\/\/www.schiesser.com\/magazin\/wp-content\/uploads\/Wa\u0308sche-aus-Wolle-und-Tencel-Damen-100x133.jpg 100w, https:\/\/www.schiesser.com\/magazin\/wp-content\/uploads\/Wa\u0308sche-aus-Wolle-und-Tencel-Damen-150x200.jpg 150w, https:\/\/www.schiesser.com\/magazin\/wp-content\/uploads\/Wa\u0308sche-aus-Wolle-und-Tencel-Damen-200x267.jpg 200w\" sizes=\"(max-width: 400px) 100vw, 400px\" \/><\/figure><\/div>\n\n\n\n<div style=\"height:30px\" aria-hidden=\"true\" class=\"wp-block-spacer\"><\/div>\n\n\n\n<h3>Wenn aus Winterw\u00e4sche Ganzjahresw\u00e4sche wird&#8230;<\/h3>\n\n\n\n<p>Aber unsere neue Wolle-Tencel-Linie kann noch mehr! Denn durch den innovativen Materialmix und die tolle Funktionalit\u00e4t k\u00f6nnen Sie Ihre neue Lieblingsw\u00e4sche das ganze Jahr tragen. Im Fr\u00fchjahr und Sommer wechseln wir dann von lang auf kurz. Nun hat das <a href=\"https:\/\/www.schiesser.com\/damenbekleidung-unterwaesche-tops-traegertop-wolle-tencel-spitze-schwarz-selected-premium.html?listtype=search&amp;searchparam=wolle%20tencel\" target=\"_blank\" rel=\"noreferrer noopener\">Tr\u00e4gertop mit wundersch\u00f6ner Spitze f\u00fcr Damen<\/a> sowie das <a href=\"https:\/\/www.schiesser.com\/herrenbekleidung-unterwaesche-shirts-shirt-kurzarm-wolle-tencel-schwarz-selected-premium.html?listtype=search&amp;searchparam=wolle%20tencel\" target=\"_blank\" rel=\"noreferrer noopener\">Kurzarmshirt f\u00fcr Herren<\/a> Saison. Jederzeit temperaturausgleichend, atmungsaktiv und herrlich soft! <\/p>\n\n\n\n<hr class=\"wp-block-separator\"\/>\n\n\n\n<p>Alle unsere <a href=\"https:\/\/www.schiesser.com\/index.php?cl=search&amp;searchparam=&amp;cl=search&amp;searchparam=wolle%20tencel\" target=\"_blank\" rel=\"noreferrer noopener\">Wolle-Tencel-Produkte<\/a> f\u00fcr Damen und Herren finden Sie nat\u00fcrlich im SCHIESSER Onlineshop! <\/p>\n","protected":false},"excerpt":{"rendered":"<p>Allm\u00e4hlich ist er da: der Winter! Und mit ihm eisige Temperaturen, die uns hautnah daran erinnern, die Winterw\u00e4sche auszupacken. Mit funktionalen Schnitten und raffinierten Materialien halten uns das Longsleeve oder die lange Unterhose sch\u00f6n warm, so dass uns selbst der Spaziergang in Schnee und Eis uns nichts anhaben kann. Unser neuer Winterliebling: W\u00e4sche aus Wolle und Tencel!<\/p>\n","protected":false},"author":2,"featured_media":3100,"comment_status":"open","ping_status":"open","sticky":false,"template":"","format":"standard","meta":[],"categories":[91],"tags":[],"yoast_head":"<!-- This site is optimized with the Yoast SEO plugin v20.2 - https:\/\/yoast.com\/wordpress\/plugins\/seo\/ -->\n<title>Winterw\u00e4sche mit Wolle und Tencel - Schiesser Magazin<\/title>\n<meta name=\"description\" content=\"Was trage ich am besten zum Winterspaziergang? Winterw\u00e4sche von SCHIESSER aus Wolle und Tencel nat\u00fcrlich! Jetzt im Magazin nachlesen!\" \/>\n<meta name=\"robots\" content=\"index, follow, max-snippet:-1, max-image-preview:large, max-video-preview:-1\" \/>\n<link rel=\"canonical\" href=\"https:\/\/www.schiesser.com\/magazin\/winterwaesche-mit-wolle-und-tencel\/\" \/>\n<meta property=\"og:locale\" content=\"de_DE\" \/>\n<meta property=\"og:type\" content=\"article\" \/>\n<meta property=\"og:title\" content=\"Winterw\u00e4sche mit Wolle und Tencel - Schiesser Magazin\" \/>\n<meta property=\"og:description\" content=\"Was trage ich am besten zum Winterspaziergang? Winterw\u00e4sche von SCHIESSER aus Wolle und Tencel nat\u00fcrlich! Jetzt im Magazin nachlesen!\" \/>\n<meta property=\"og:url\" content=\"https:\/\/www.schiesser.com\/magazin\/winterwaesche-mit-wolle-und-tencel\/\" \/>\n<meta property=\"og:site_name\" content=\"Schiesser\" \/>\n<meta property=\"article:publisher\" content=\"https:\/\/www.facebook.com\/SCHIESSERGmbH1875\" \/>\n<meta property=\"article:published_time\" content=\"2020-12-07T08:11:11+00:00\" \/>\n<meta property=\"article:modified_time\" content=\"2020-12-21T10:27:36+00:00\" \/>\n<meta property=\"og:image\" content=\"https:\/\/www.schiesser.com\/magazin\/wp-content\/uploads\/Wa\u0308sche-aus-Wolle-und-Tencel-Herren.jpg\" \/>\n\t<meta property=\"og:image:width\" content=\"400\" \/>\n\t<meta property=\"og:image:height\" content=\"533\" \/>\n\t<meta property=\"og:image:type\" content=\"image\/jpeg\" \/>\n<meta name=\"author\" content=\"SCHIESSER\" \/>\n<meta name=\"twitter:card\" content=\"summary_large_image\" \/>\n<meta name=\"twitter:creator\" content=\"@schiessergmbh\" \/>\n<meta name=\"twitter:site\" content=\"@schiessergmbh\" \/>\n<meta name=\"twitter:label1\" content=\"Verfasst von\" \/>\n\t<meta name=\"twitter:data1\" content=\"SCHIESSER\" \/>\n\t<meta name=\"twitter:label2\" content=\"Gesch\u00e4tzte Lesezeit\" \/>\n\t<meta name=\"twitter:data2\" content=\"2 Minuten\" \/>\n<script type=\"application\/ld+json\" class=\"yoast-schema-graph\">{\"@context\":\"https:\/\/schema.org\",\"@graph\":[{\"@type\":\"Article\",\"@id\":\"https:\/\/www.schiesser.com\/magazin\/winterwaesche-mit-wolle-und-tencel\/#article\",\"isPartOf\":{\"@id\":\"https:\/\/www.schiesser.com\/magazin\/winterwaesche-mit-wolle-und-tencel\/\"},\"author\":{\"name\":\"SCHIESSER\",\"@id\":\"https:\/\/www.schiesser.com\/magazin\/#\/schema\/person\/e72bf75bf2cf3d94af84e9643a034d48\"},\"headline\":\"Winterw\u00e4sche mit Wolle und Tencel\",\"datePublished\":\"2020-12-07T08:11:11+00:00\",\"dateModified\":\"2020-12-21T10:27:36+00:00\",\"mainEntityOfPage\":{\"@id\":\"https:\/\/www.schiesser.com\/magazin\/winterwaesche-mit-wolle-und-tencel\/\"},\"wordCount\":347,\"commentCount\":0,\"publisher\":{\"@id\":\"https:\/\/www.schiesser.com\/magazin\/#organization\"},\"articleSection\":[\"Ratgeber\"],\"inLanguage\":\"de-DE\",\"potentialAction\":[{\"@type\":\"CommentAction\",\"name\":\"Comment\",\"target\":[\"https:\/\/www.schiesser.com\/magazin\/winterwaesche-mit-wolle-und-tencel\/#respond\"]}]},{\"@type\":\"WebPage\",\"@id\":\"https:\/\/www.schiesser.com\/magazin\/winterwaesche-mit-wolle-und-tencel\/\",\"url\":\"https:\/\/www.schiesser.com\/magazin\/winterwaesche-mit-wolle-und-tencel\/\",\"name\":\"Winterw\u00e4sche mit Wolle und Tencel - Schiesser Magazin\",\"isPartOf\":{\"@id\":\"https:\/\/www.schiesser.com\/magazin\/#website\"},\"datePublished\":\"2020-12-07T08:11:11+00:00\",\"dateModified\":\"2020-12-21T10:27:36+00:00\",\"description\":\"Was trage ich am besten zum Winterspaziergang? Winterw\u00e4sche von SCHIESSER aus Wolle und Tencel nat\u00fcrlich! Jetzt im Magazin nachlesen!\",\"breadcrumb\":{\"@id\":\"https:\/\/www.schiesser.com\/magazin\/winterwaesche-mit-wolle-und-tencel\/#breadcrumb\"},\"inLanguage\":\"de-DE\",\"potentialAction\":[{\"@type\":\"ReadAction\",\"target\":[\"https:\/\/www.schiesser.com\/magazin\/winterwaesche-mit-wolle-und-tencel\/\"]}]},{\"@type\":\"BreadcrumbList\",\"@id\":\"https:\/\/www.schiesser.com\/magazin\/winterwaesche-mit-wolle-und-tencel\/#breadcrumb\",\"itemListElement\":[{\"@type\":\"ListItem\",\"position\":1,\"name\":\"Home\",\"item\":\"https:\/\/www.schiesser.com\/magazin\/\"},{\"@type\":\"ListItem\",\"position\":2,\"name\":\"Winterw\u00e4sche mit Wolle und Tencel\"}]},{\"@type\":\"WebSite\",\"@id\":\"https:\/\/www.schiesser.com\/magazin\/#website\",\"url\":\"https:\/\/www.schiesser.com\/magazin\/\",\"name\":\"Schiesser\",\"description\":\"Nat\u00fcrlich. Zeitgeist. Seit 1875\",\"publisher\":{\"@id\":\"https:\/\/www.schiesser.com\/magazin\/#organization\"},\"potentialAction\":[{\"@type\":\"SearchAction\",\"target\":{\"@type\":\"EntryPoint\",\"urlTemplate\":\"https:\/\/www.schiesser.com\/magazin\/?s={search_term_string}\"},\"query-input\":\"required name=search_term_string\"}],\"inLanguage\":\"de-DE\"},{\"@type\":\"Organization\",\"@id\":\"https:\/\/www.schiesser.com\/magazin\/#organization\",\"name\":\"Schiesser GmbH\",\"url\":\"https:\/\/www.schiesser.com\/magazin\/\",\"logo\":{\"@type\":\"ImageObject\",\"inLanguage\":\"de-DE\",\"@id\":\"https:\/\/www.schiesser.com\/magazin\/#\/schema\/logo\/image\/\",\"url\":\"https:\/\/www.schiesser.com\/magazin\/wp-content\/uploads\/logo.png\",\"contentUrl\":\"https:\/\/www.schiesser.com\/magazin\/wp-content\/uploads\/logo.png\",\"width\":245,\"height\":42,\"caption\":\"Schiesser GmbH\"},\"image\":{\"@id\":\"https:\/\/www.schiesser.com\/magazin\/#\/schema\/logo\/image\/\"},\"sameAs\":[\"https:\/\/www.facebook.com\/SCHIESSERGmbH1875\",\"https:\/\/twitter.com\/schiessergmbh\",\"https:\/\/www.instagram.com\/schiesser\/\",\"https:\/\/www.pinterest.de\/schiessergmbh\/\",\"https:\/\/www.youtube.com\/channel\/UCCe2pgIFNVcYnfvpt34fGMw\"]},{\"@type\":\"Person\",\"@id\":\"https:\/\/www.schiesser.com\/magazin\/#\/schema\/person\/e72bf75bf2cf3d94af84e9643a034d48\",\"name\":\"SCHIESSER\",\"image\":{\"@type\":\"ImageObject\",\"inLanguage\":\"de-DE\",\"@id\":\"https:\/\/www.schiesser.com\/magazin\/#\/schema\/person\/image\/\",\"url\":\"https:\/\/www.schiesser.com\/magazin\/wp-content\/uploads\/schiesser_profile-100x100.png\",\"contentUrl\":\"https:\/\/www.schiesser.com\/magazin\/wp-content\/uploads\/schiesser_profile-100x100.png\",\"caption\":\"SCHIESSER\"},\"sameAs\":[\"http:\/\/www.schiesser.com\/\"],\"url\":\"https:\/\/www.schiesser.com\/magazin\/author\/m-riester\/\"}]}<\/script>\n<!-- \/ Yoast SEO plugin. -->","yoast_head_json":{"title":"Winterw\u00e4sche mit Wolle und Tencel - Schiesser Magazin","description":"Was trage ich am besten zum Winterspaziergang? Winterw\u00e4sche von SCHIESSER aus Wolle und Tencel nat\u00fcrlich! Jetzt im Magazin nachlesen!","robots":{"index":"index","follow":"follow","max-snippet":"max-snippet:-1","max-image-preview":"max-image-preview:large","max-video-preview":"max-video-preview:-1"},"canonical":"https:\/\/www.schiesser.com\/magazin\/winterwaesche-mit-wolle-und-tencel\/","og_locale":"de_DE","og_type":"article","og_title":"Winterw\u00e4sche mit Wolle und Tencel - Schiesser Magazin","og_description":"Was trage ich am besten zum Winterspaziergang? Winterw\u00e4sche von SCHIESSER aus Wolle und Tencel nat\u00fcrlich! Jetzt im Magazin nachlesen!","og_url":"https:\/\/www.schiesser.com\/magazin\/winterwaesche-mit-wolle-und-tencel\/","og_site_name":"Schiesser","article_publisher":"https:\/\/www.facebook.com\/SCHIESSERGmbH1875","article_published_time":"2020-12-07T08:11:11+00:00","article_modified_time":"2020-12-21T10:27:36+00:00","og_image":[{"width":400,"height":533,"url":"https:\/\/www.schiesser.com\/magazin\/wp-content\/uploads\/Wa\u0308sche-aus-Wolle-und-Tencel-Herren.jpg","type":"image\/jpeg"}],"author":"SCHIESSER","twitter_card":"summary_large_image","twitter_creator":"@schiessergmbh","twitter_site":"@schiessergmbh","twitter_misc":{"Verfasst von":"SCHIESSER","Gesch\u00e4tzte Lesezeit":"2 Minuten"},"schema":{"@context":"https:\/\/schema.org","@graph":[{"@type":"Article","@id":"https:\/\/www.schiesser.com\/magazin\/winterwaesche-mit-wolle-und-tencel\/#article","isPartOf":{"@id":"https:\/\/www.schiesser.com\/magazin\/winterwaesche-mit-wolle-und-tencel\/"},"author":{"name":"SCHIESSER","@id":"https:\/\/www.schiesser.com\/magazin\/#\/schema\/person\/e72bf75bf2cf3d94af84e9643a034d48"},"headline":"Winterw\u00e4sche mit Wolle und Tencel","datePublished":"2020-12-07T08:11:11+00:00","dateModified":"2020-12-21T10:27:36+00:00","mainEntityOfPage":{"@id":"https:\/\/www.schiesser.com\/magazin\/winterwaesche-mit-wolle-und-tencel\/"},"wordCount":347,"commentCount":0,"publisher":{"@id":"https:\/\/www.schiesser.com\/magazin\/#organization"},"articleSection":["Ratgeber"],"inLanguage":"de-DE","potentialAction":[{"@type":"CommentAction","name":"Comment","target":["https:\/\/www.schiesser.com\/magazin\/winterwaesche-mit-wolle-und-tencel\/#respond"]}]},{"@type":"WebPage","@id":"https:\/\/www.schiesser.com\/magazin\/winterwaesche-mit-wolle-und-tencel\/","url":"https:\/\/www.schiesser.com\/magazin\/winterwaesche-mit-wolle-und-tencel\/","name":"Winterw\u00e4sche mit Wolle und Tencel - Schiesser Magazin","isPartOf":{"@id":"https:\/\/www.schiesser.com\/magazin\/#website"},"datePublished":"2020-12-07T08:11:11+00:00","dateModified":"2020-12-21T10:27:36+00:00","description":"Was trage ich am besten zum Winterspaziergang? Winterw\u00e4sche von SCHIESSER aus Wolle und Tencel nat\u00fcrlich! Jetzt im Magazin nachlesen!","breadcrumb":{"@id":"https:\/\/www.schiesser.com\/magazin\/winterwaesche-mit-wolle-und-tencel\/#breadcrumb"},"inLanguage":"de-DE","potentialAction":[{"@type":"ReadAction","target":["https:\/\/www.schiesser.com\/magazin\/winterwaesche-mit-wolle-und-tencel\/"]}]},{"@type":"BreadcrumbList","@id":"https:\/\/www.schiesser.com\/magazin\/winterwaesche-mit-wolle-und-tencel\/#breadcrumb","itemListElement":[{"@type":"ListItem","position":1,"name":"Home","item":"https:\/\/www.schiesser.com\/magazin\/"},{"@type":"ListItem","position":2,"name":"Winterw\u00e4sche mit Wolle und Tencel"}]},{"@type":"WebSite","@id":"https:\/\/www.schiesser.com\/magazin\/#website","url":"https:\/\/www.schiesser.com\/magazin\/","name":"Schiesser","description":"Nat\u00fcrlich. Zeitgeist. Seit 1875","publisher":{"@id":"https:\/\/www.schiesser.com\/magazin\/#organization"},"potentialAction":[{"@type":"SearchAction","target":{"@type":"EntryPoint","urlTemplate":"https:\/\/www.schiesser.com\/magazin\/?s={search_term_string}"},"query-input":"required name=search_term_string"}],"inLanguage":"de-DE"},{"@type":"Organization","@id":"https:\/\/www.schiesser.com\/magazin\/#organization","name":"Schiesser GmbH","url":"https:\/\/www.schiesser.com\/magazin\/","logo":{"@type":"ImageObject","inLanguage":"de-DE","@id":"https:\/\/www.schiesser.com\/magazin\/#\/schema\/logo\/image\/","url":"https:\/\/www.schiesser.com\/magazin\/wp-content\/uploads\/logo.png","contentUrl":"https:\/\/www.schiesser.com\/magazin\/wp-content\/uploads\/logo.png","width":245,"height":42,"caption":"Schiesser GmbH"},"image":{"@id":"https:\/\/www.schiesser.com\/magazin\/#\/schema\/logo\/image\/"},"sameAs":["https:\/\/www.facebook.com\/SCHIESSERGmbH1875","https:\/\/twitter.com\/schiessergmbh","https:\/\/www.instagram.com\/schiesser\/","https:\/\/www.pinterest.de\/schiessergmbh\/","https:\/\/www.youtube.com\/channel\/UCCe2pgIFNVcYnfvpt34fGMw"]},{"@type":"Person","@id":"https:\/\/www.schiesser.com\/magazin\/#\/schema\/person\/e72bf75bf2cf3d94af84e9643a034d48","name":"SCHIESSER","image":{"@type":"ImageObject","inLanguage":"de-DE","@id":"https:\/\/www.schiesser.com\/magazin\/#\/schema\/person\/image\/","url":"https:\/\/www.schiesser.com\/magazin\/wp-content\/uploads\/schiesser_profile-100x100.png","contentUrl":"https:\/\/www.schiesser.com\/magazin\/wp-content\/uploads\/schiesser_profile-100x100.png","caption":"SCHIESSER"},"sameAs":["http:\/\/www.schiesser.com\/"],"url":"https:\/\/www.schiesser.com\/magazin\/author\/m-riester\/"}]}},"_links":{"self":[{"href":"https:\/\/www.schiesser.com\/magazin\/wp-json\/wp\/v2\/posts\/3875"}],"collection":[{"href":"https:\/\/www.schiesser.com\/magazin\/wp-json\/wp\/v2\/posts"}],"about":[{"href":"https:\/\/www.schiesser.com\/magazin\/wp-json\/wp\/v2\/types\/post"}],"author":[{"embeddable":true,"href":"https:\/\/www.schiesser.com\/magazin\/wp-json\/wp\/v2\/users\/2"}],"replies":[{"embeddable":true,"href":"https:\/\/www.schiesser.com\/magazin\/wp-json\/wp\/v2\/comments?post=3875"}],"version-history":[{"count":3,"href":"https:\/\/www.schiesser.com\/magazin\/wp-json\/wp\/v2\/posts\/3875\/revisions"}],"predecessor-version":[{"id":3878,"href":"https:\/\/www.schiesser.com\/magazin\/wp-json\/wp\/v2\/posts\/3875\/revisions\/3878"}],"wp:featuredmedia":[{"embeddable":true,"href":"https:\/\/www.schiesser.com\/magazin\/wp-json\/wp\/v2\/media\/3100"}],"wp:attachment":[{"href":"https:\/\/www.schiesser.com\/magazin\/wp-json\/wp\/v2\/media?parent=3875"}],"wp:term":[{"taxonomy":"category","embeddable":true,"href":"https:\/\/www.schiesser.com\/magazin\/wp-json\/wp\/v2\/categories?post=3875"},{"taxonomy":"post_tag","embeddable":true,"href":"https:\/\/www.schiesser.com\/magazin\/wp-json\/wp\/v2\/tags?post=3875"}],"curies":[{"name":"wp","href":"https:\/\/api.w.org\/{rel}","templated":true}]}}