{"id":5228,"date":"2021-12-07T10:42:29","date_gmt":"2021-12-07T09:42:29","guid":{"rendered":"https:\/\/www.schiesser.com\/magazin\/?p=5228"},"modified":"2022-07-06T11:53:56","modified_gmt":"2022-07-06T09:53:56","slug":"karierte-waesche-alles-andere-als-kleinkariert","status":"publish","type":"post","link":"https:\/\/www.schiesser.com\/magazin\/karierte-waesche-alles-andere-als-kleinkariert\/","title":{"rendered":"Karierte W\u00e4sche? Alles andere als kleinkariert!"},"content":{"rendered":"\n<p>Karos sind ein echt klassisches Muster &#8211; kein Wunder, es passt einfach immer! Auch karierte W\u00e4sche ist darum ein echter Evergreen; ganz gleich, ob kunterbunt oder unifarben, als feines Vichy-Karo oder edler Hahnentritt. Woher karierte Muster stammen und wie Sie sie kombinieren k\u00f6nnen, verraten wir Ihnen heute!<\/p>\n\n\n\n<!--more-->\n\n\n\n<div style=\"height:30px\" aria-hidden=\"true\" class=\"wp-block-spacer\"><\/div>\n\n\n\n<div class=\"wp-block-image\"><figure class=\"aligncenter size-large\"><img decoding=\"async\" width=\"400\" height=\"533\" src=\"https:\/\/www.schiesser.com\/magazin\/wp-content\/uploads\/SCHIESSER_fall_winter_2021_original_SR_HE_KH21_169872_175247_30.11.2023_RGB.jpg\" alt=\"\" class=\"wp-image-5229\" srcset=\"https:\/\/www.schiesser.com\/magazin\/wp-content\/uploads\/SCHIESSER_fall_winter_2021_original_SR_HE_KH21_169872_175247_30.11.2023_RGB.jpg 400w, https:\/\/www.schiesser.com\/magazin\/wp-content\/uploads\/SCHIESSER_fall_winter_2021_original_SR_HE_KH21_169872_175247_30.11.2023_RGB-225x300.jpg 225w, https:\/\/www.schiesser.com\/magazin\/wp-content\/uploads\/SCHIESSER_fall_winter_2021_original_SR_HE_KH21_169872_175247_30.11.2023_RGB-143x190.jpg 143w, https:\/\/www.schiesser.com\/magazin\/wp-content\/uploads\/SCHIESSER_fall_winter_2021_original_SR_HE_KH21_169872_175247_30.11.2023_RGB-300x400.jpg 300w, https:\/\/www.schiesser.com\/magazin\/wp-content\/uploads\/SCHIESSER_fall_winter_2021_original_SR_HE_KH21_169872_175247_30.11.2023_RGB-100x133.jpg 100w, https:\/\/www.schiesser.com\/magazin\/wp-content\/uploads\/SCHIESSER_fall_winter_2021_original_SR_HE_KH21_169872_175247_30.11.2023_RGB-150x200.jpg 150w, https:\/\/www.schiesser.com\/magazin\/wp-content\/uploads\/SCHIESSER_fall_winter_2021_original_SR_HE_KH21_169872_175247_30.11.2023_RGB-200x267.jpg 200w\" sizes=\"(max-width: 400px) 100vw, 400px\" \/><\/figure><\/div>\n\n\n\n<div style=\"height:30px\" aria-hidden=\"true\" class=\"wp-block-spacer\"><\/div>\n\n\n\n<h2>Vom Clan zum K\u00f6nigshaus &#8211; wie Karos popul\u00e4r wurden<\/h2>\n\n\n\n<p>Vermutlich stammen Karomuster, auch Tartan genannt, aus dem alten China, wo man sie bereits als Figurenverzierung aus dem Jahr 3500 v.Chr. vorfand. Weit aus bekannter ist jedoch, dass Karos in Schottland eine lange Tradition pflegen. Die Muster dienten hierbei als Identifikation f\u00fcr verschiedene Clans. Jeder Clan eignete sich sein ganz pers\u00f6nliches Karo-Muster an und konnte so wiedererkannt werden. Mit Queen Victoria schafften Tartans ihren Sprung in die Modewelt, denn sie liebte das schottische Muster und schm\u00fcckte sich gern damit. Seitdem stehen Karos f\u00fcr Bodenst\u00e4ndigkeit und Tradition.<\/p>\n\n\n\n<p><\/p>\n\n\n\n<div style=\"height:31px\" aria-hidden=\"true\" class=\"wp-block-spacer\"><\/div>\n\n\n\n<h2>Vichy, Hahnentritt und Co. &#8211; eine Karo-\u00dcbersicht<\/h2>\n\n\n\n<div class=\"wp-block-media-text alignwide is-stacked-on-mobile\"><figure class=\"wp-block-media-text__media\"><img decoding=\"async\" width=\"1024\" height=\"1024\" src=\"https:\/\/www.schiesser.com\/magazin\/wp-content\/uploads\/GettyImages-970793564-1024x1024.png\" alt=\"\" class=\"wp-image-5230 size-full\" srcset=\"https:\/\/www.schiesser.com\/magazin\/wp-content\/uploads\/GettyImages-970793564-1024x1024.png 1024w, https:\/\/www.schiesser.com\/magazin\/wp-content\/uploads\/GettyImages-970793564-300x300.png 300w, https:\/\/www.schiesser.com\/magazin\/wp-content\/uploads\/GettyImages-970793564-150x150.png 150w, https:\/\/www.schiesser.com\/magazin\/wp-content\/uploads\/GettyImages-970793564-768x768.png 768w, https:\/\/www.schiesser.com\/magazin\/wp-content\/uploads\/GettyImages-970793564-190x190.png 190w, https:\/\/www.schiesser.com\/magazin\/wp-content\/uploads\/GettyImages-970793564-400x400.png 400w, https:\/\/www.schiesser.com\/magazin\/wp-content\/uploads\/GettyImages-970793564-600x600.png 600w, https:\/\/www.schiesser.com\/magazin\/wp-content\/uploads\/GettyImages-970793564-100x100.png 100w, https:\/\/www.schiesser.com\/magazin\/wp-content\/uploads\/GettyImages-970793564-200x200.png 200w, https:\/\/www.schiesser.com\/magazin\/wp-content\/uploads\/GettyImages-970793564-450x450.png 450w, https:\/\/www.schiesser.com\/magazin\/wp-content\/uploads\/GettyImages-970793564-900x900.png 900w, https:\/\/www.schiesser.com\/magazin\/wp-content\/uploads\/GettyImages-970793564.png 1200w\" sizes=\"(max-width: 1024px) 100vw, 1024px\" \/><\/figure><div class=\"wp-block-media-text__content\">\n<blockquote class=\"wp-block-quote\"><p>Vichy-Karos sind kleine, in der Regel zwei-farbige Muster, bei denen die Zwischenr\u00e4ume gleich gehalten sind.<\/p><\/blockquote>\n<\/div><\/div>\n\n\n\n<div class=\"wp-block-media-text alignwide has-media-on-the-right is-stacked-on-mobile\"><figure class=\"wp-block-media-text__media\"><img decoding=\"async\" width=\"601\" height=\"600\" src=\"https:\/\/www.schiesser.com\/magazin\/wp-content\/uploads\/Hahnentritt.png\" alt=\"\" class=\"wp-image-5231 size-full\" srcset=\"https:\/\/www.schiesser.com\/magazin\/wp-content\/uploads\/Hahnentritt.png 601w, https:\/\/www.schiesser.com\/magazin\/wp-content\/uploads\/Hahnentritt-300x300.png 300w, https:\/\/www.schiesser.com\/magazin\/wp-content\/uploads\/Hahnentritt-150x150.png 150w, https:\/\/www.schiesser.com\/magazin\/wp-content\/uploads\/Hahnentritt-190x190.png 190w, https:\/\/www.schiesser.com\/magazin\/wp-content\/uploads\/Hahnentritt-401x400.png 401w, https:\/\/www.schiesser.com\/magazin\/wp-content\/uploads\/Hahnentritt-100x100.png 100w, https:\/\/www.schiesser.com\/magazin\/wp-content\/uploads\/Hahnentritt-200x200.png 200w, https:\/\/www.schiesser.com\/magazin\/wp-content\/uploads\/Hahnentritt-450x449.png 450w\" sizes=\"(max-width: 601px) 100vw, 601px\" \/><\/figure><div class=\"wp-block-media-text__content\">\n<blockquote class=\"wp-block-quote\"><p>Der Hahnentritt ist ein gebrochenes Karo-Muster, das dem Abdruck einer Hahnenkralle \u00e4hnelt.<\/p><\/blockquote>\n<\/div><\/div>\n\n\n\n<div class=\"wp-block-media-text alignwide is-stacked-on-mobile\"><figure class=\"wp-block-media-text__media\"><img decoding=\"async\" width=\"1024\" height=\"1024\" src=\"https:\/\/www.schiesser.com\/magazin\/wp-content\/uploads\/Schottenmuster-1024x1024.png\" alt=\"\" class=\"wp-image-5232 size-full\" srcset=\"https:\/\/www.schiesser.com\/magazin\/wp-content\/uploads\/Schottenmuster-1024x1024.png 1024w, https:\/\/www.schiesser.com\/magazin\/wp-content\/uploads\/Schottenmuster-300x300.png 300w, https:\/\/www.schiesser.com\/magazin\/wp-content\/uploads\/Schottenmuster-150x150.png 150w, https:\/\/www.schiesser.com\/magazin\/wp-content\/uploads\/Schottenmuster-768x768.png 768w, https:\/\/www.schiesser.com\/magazin\/wp-content\/uploads\/Schottenmuster-1536x1536.png 1536w, https:\/\/www.schiesser.com\/magazin\/wp-content\/uploads\/Schottenmuster-2048x2048.png 2048w, https:\/\/www.schiesser.com\/magazin\/wp-content\/uploads\/Schottenmuster-190x190.png 190w, https:\/\/www.schiesser.com\/magazin\/wp-content\/uploads\/Schottenmuster-400x400.png 400w, https:\/\/www.schiesser.com\/magazin\/wp-content\/uploads\/Schottenmuster-600x600.png 600w, https:\/\/www.schiesser.com\/magazin\/wp-content\/uploads\/Schottenmuster-100x100.png 100w, https:\/\/www.schiesser.com\/magazin\/wp-content\/uploads\/Schottenmuster-200x200.png 200w, https:\/\/www.schiesser.com\/magazin\/wp-content\/uploads\/Schottenmuster-450x450.png 450w, https:\/\/www.schiesser.com\/magazin\/wp-content\/uploads\/Schottenmuster-900x900.png 900w\" sizes=\"(max-width: 1024px) 100vw, 1024px\" \/><\/figure><div class=\"wp-block-media-text__content\">\n<blockquote class=\"wp-block-quote\"><p>Mit Schottenmuster werden mehrfarbige, ineinander \u00fcbergehende Karos bezeichnet.<\/p><\/blockquote>\n<\/div><\/div>\n\n\n\n<div class=\"wp-block-media-text alignwide has-media-on-the-right is-stacked-on-mobile\"><figure class=\"wp-block-media-text__media\"><img decoding=\"async\" width=\"1024\" height=\"1024\" src=\"https:\/\/www.schiesser.com\/magazin\/wp-content\/uploads\/Glencheck-1024x1024.png\" alt=\"\" class=\"wp-image-5233 size-full\" srcset=\"https:\/\/www.schiesser.com\/magazin\/wp-content\/uploads\/Glencheck-1024x1024.png 1024w, https:\/\/www.schiesser.com\/magazin\/wp-content\/uploads\/Glencheck-300x300.png 300w, https:\/\/www.schiesser.com\/magazin\/wp-content\/uploads\/Glencheck-150x150.png 150w, https:\/\/www.schiesser.com\/magazin\/wp-content\/uploads\/Glencheck-768x768.png 768w, https:\/\/www.schiesser.com\/magazin\/wp-content\/uploads\/Glencheck-1536x1536.png 1536w, https:\/\/www.schiesser.com\/magazin\/wp-content\/uploads\/Glencheck-190x190.png 190w, https:\/\/www.schiesser.com\/magazin\/wp-content\/uploads\/Glencheck-400x400.png 400w, https:\/\/www.schiesser.com\/magazin\/wp-content\/uploads\/Glencheck-600x600.png 600w, https:\/\/www.schiesser.com\/magazin\/wp-content\/uploads\/Glencheck-100x100.png 100w, https:\/\/www.schiesser.com\/magazin\/wp-content\/uploads\/Glencheck-200x200.png 200w, https:\/\/www.schiesser.com\/magazin\/wp-content\/uploads\/Glencheck-450x450.png 450w, https:\/\/www.schiesser.com\/magazin\/wp-content\/uploads\/Glencheck-900x900.png 900w, https:\/\/www.schiesser.com\/magazin\/wp-content\/uploads\/Glencheck.png 2040w\" sizes=\"(max-width: 1024px) 100vw, 1024px\" \/><\/figure><div class=\"wp-block-media-text__content\">\n<blockquote class=\"wp-block-quote\"><p>Glenchecks sind verschieden gro\u00dfe Formen von Karos, die quadratisch ineinander laufen.<\/p><\/blockquote>\n<\/div><\/div>\n\n\n\n<div style=\"height:29px\" aria-hidden=\"true\" class=\"wp-block-spacer\"><\/div>\n\n\n\n<p><\/p>\n\n\n\n<h2>Karierte W\u00e4sche: Von Bettzeug bis Slip <\/h2>\n\n\n\n<p>So vielf\u00e4ltig die einzelnen Muster auch sind, so vielf\u00e4ltig ist die Verwendung von Karos. Ganz gleich, ob auf Tagw\u00e4sche wie einem <a href=\"https:\/\/www.schiesser.com\/herrenbekleidung-unterwaesche-slips-minislip-dunkelblau-kariert-dark-sapphire.html\" target=\"_blank\" rel=\"noreferrer noopener\">karierten Slip<\/a> in etwa, auf <a href=\"https:\/\/www.schiesser.com\/herrenbekleidung-nachtwaesche-schlafanzuege-pyjama-lang-flanell-knopfleiste-nachtblau-kariert-warming-nightwear.html\" target=\"_blank\" rel=\"noreferrer noopener\">karierten Pyjamas<\/a> oder auf <a href=\"https:\/\/www.schiesser.com\/wohnen-bettwaesche-bettwaesche-bettwaesche-2-teilig-satin-hellrot-kariert-schiesser-home.html\" target=\"_blank\" rel=\"noreferrer noopener\">karierter Bettw\u00e4sche<\/a> &#8211; Karos funktionieren einfach immer.<\/p>\n\n\n\n<figure class=\"is-layout-flex wp-block-gallery-1 wp-block-gallery columns-3 is-cropped\"><ul class=\"blocks-gallery-grid\"><li class=\"blocks-gallery-item\"><figure><img decoding=\"async\" width=\"713\" height=\"1024\" src=\"https:\/\/www.schiesser.com\/magazin\/wp-content\/uploads\/Bildschirmfoto-2021-12-07-um-10.32.27-713x1024.png\" alt=\"\" data-id=\"5234\" data-full-url=\"https:\/\/www.schiesser.com\/magazin\/wp-content\/uploads\/Bildschirmfoto-2021-12-07-um-10.32.27.png\" data-link=\"https:\/\/www.schiesser.com\/magazin\/?attachment_id=5234\" class=\"wp-image-5234\" srcset=\"https:\/\/www.schiesser.com\/magazin\/wp-content\/uploads\/Bildschirmfoto-2021-12-07-um-10.32.27-713x1024.png 713w, https:\/\/www.schiesser.com\/magazin\/wp-content\/uploads\/Bildschirmfoto-2021-12-07-um-10.32.27-209x300.png 209w, https:\/\/www.schiesser.com\/magazin\/wp-content\/uploads\/Bildschirmfoto-2021-12-07-um-10.32.27-768x1103.png 768w, https:\/\/www.schiesser.com\/magazin\/wp-content\/uploads\/Bildschirmfoto-2021-12-07-um-10.32.27-132x190.png 132w, https:\/\/www.schiesser.com\/magazin\/wp-content\/uploads\/Bildschirmfoto-2021-12-07-um-10.32.27-278x400.png 278w, https:\/\/www.schiesser.com\/magazin\/wp-content\/uploads\/Bildschirmfoto-2021-12-07-um-10.32.27-600x862.png 600w, https:\/\/www.schiesser.com\/magazin\/wp-content\/uploads\/Bildschirmfoto-2021-12-07-um-10.32.27-100x144.png 100w, https:\/\/www.schiesser.com\/magazin\/wp-content\/uploads\/Bildschirmfoto-2021-12-07-um-10.32.27-150x216.png 150w, https:\/\/www.schiesser.com\/magazin\/wp-content\/uploads\/Bildschirmfoto-2021-12-07-um-10.32.27-200x287.png 200w, https:\/\/www.schiesser.com\/magazin\/wp-content\/uploads\/Bildschirmfoto-2021-12-07-um-10.32.27-300x431.png 300w, https:\/\/www.schiesser.com\/magazin\/wp-content\/uploads\/Bildschirmfoto-2021-12-07-um-10.32.27-450x647.png 450w, https:\/\/www.schiesser.com\/magazin\/wp-content\/uploads\/Bildschirmfoto-2021-12-07-um-10.32.27-900x1293.png 900w, https:\/\/www.schiesser.com\/magazin\/wp-content\/uploads\/Bildschirmfoto-2021-12-07-um-10.32.27.png 980w\" sizes=\"(max-width: 713px) 100vw, 713px\" \/><\/figure><\/li><li class=\"blocks-gallery-item\"><figure><img decoding=\"async\" width=\"707\" height=\"1024\" src=\"https:\/\/www.schiesser.com\/magazin\/wp-content\/uploads\/Bildschirmfoto-2021-12-07-um-10.30.43-707x1024.png\" alt=\"\" data-id=\"5235\" data-full-url=\"https:\/\/www.schiesser.com\/magazin\/wp-content\/uploads\/Bildschirmfoto-2021-12-07-um-10.30.43.png\" data-link=\"https:\/\/www.schiesser.com\/magazin\/?attachment_id=5235\" class=\"wp-image-5235\" srcset=\"https:\/\/www.schiesser.com\/magazin\/wp-content\/uploads\/Bildschirmfoto-2021-12-07-um-10.30.43-707x1024.png 707w, https:\/\/www.schiesser.com\/magazin\/wp-content\/uploads\/Bildschirmfoto-2021-12-07-um-10.30.43-207x300.png 207w, https:\/\/www.schiesser.com\/magazin\/wp-content\/uploads\/Bildschirmfoto-2021-12-07-um-10.30.43-768x1112.png 768w, https:\/\/www.schiesser.com\/magazin\/wp-content\/uploads\/Bildschirmfoto-2021-12-07-um-10.30.43-131x190.png 131w, https:\/\/www.schiesser.com\/magazin\/wp-content\/uploads\/Bildschirmfoto-2021-12-07-um-10.30.43-276x400.png 276w, https:\/\/www.schiesser.com\/magazin\/wp-content\/uploads\/Bildschirmfoto-2021-12-07-um-10.30.43-600x868.png 600w, https:\/\/www.schiesser.com\/magazin\/wp-content\/uploads\/Bildschirmfoto-2021-12-07-um-10.30.43-100x145.png 100w, https:\/\/www.schiesser.com\/magazin\/wp-content\/uploads\/Bildschirmfoto-2021-12-07-um-10.30.43-150x217.png 150w, https:\/\/www.schiesser.com\/magazin\/wp-content\/uploads\/Bildschirmfoto-2021-12-07-um-10.30.43-200x289.png 200w, https:\/\/www.schiesser.com\/magazin\/wp-content\/uploads\/Bildschirmfoto-2021-12-07-um-10.30.43-300x434.png 300w, https:\/\/www.schiesser.com\/magazin\/wp-content\/uploads\/Bildschirmfoto-2021-12-07-um-10.30.43-450x651.png 450w, https:\/\/www.schiesser.com\/magazin\/wp-content\/uploads\/Bildschirmfoto-2021-12-07-um-10.30.43-900x1303.png 900w, https:\/\/www.schiesser.com\/magazin\/wp-content\/uploads\/Bildschirmfoto-2021-12-07-um-10.30.43.png 970w\" sizes=\"(max-width: 707px) 100vw, 707px\" \/><\/figure><\/li><li class=\"blocks-gallery-item\"><figure><img decoding=\"async\" width=\"710\" height=\"1024\" src=\"https:\/\/www.schiesser.com\/magazin\/wp-content\/uploads\/Bildschirmfoto-2021-12-07-um-10.30.23-710x1024.png\" alt=\"\" data-id=\"5236\" data-full-url=\"https:\/\/www.schiesser.com\/magazin\/wp-content\/uploads\/Bildschirmfoto-2021-12-07-um-10.30.23.png\" data-link=\"https:\/\/www.schiesser.com\/magazin\/?attachment_id=5236\" class=\"wp-image-5236\" srcset=\"https:\/\/www.schiesser.com\/magazin\/wp-content\/uploads\/Bildschirmfoto-2021-12-07-um-10.30.23-710x1024.png 710w, https:\/\/www.schiesser.com\/magazin\/wp-content\/uploads\/Bildschirmfoto-2021-12-07-um-10.30.23-208x300.png 208w, https:\/\/www.schiesser.com\/magazin\/wp-content\/uploads\/Bildschirmfoto-2021-12-07-um-10.30.23-768x1107.png 768w, https:\/\/www.schiesser.com\/magazin\/wp-content\/uploads\/Bildschirmfoto-2021-12-07-um-10.30.23-132x190.png 132w, https:\/\/www.schiesser.com\/magazin\/wp-content\/uploads\/Bildschirmfoto-2021-12-07-um-10.30.23-277x400.png 277w, https:\/\/www.schiesser.com\/magazin\/wp-content\/uploads\/Bildschirmfoto-2021-12-07-um-10.30.23-600x865.png 600w, https:\/\/www.schiesser.com\/magazin\/wp-content\/uploads\/Bildschirmfoto-2021-12-07-um-10.30.23-100x144.png 100w, https:\/\/www.schiesser.com\/magazin\/wp-content\/uploads\/Bildschirmfoto-2021-12-07-um-10.30.23-150x216.png 150w, https:\/\/www.schiesser.com\/magazin\/wp-content\/uploads\/Bildschirmfoto-2021-12-07-um-10.30.23-200x288.png 200w, https:\/\/www.schiesser.com\/magazin\/wp-content\/uploads\/Bildschirmfoto-2021-12-07-um-10.30.23-300x432.png 300w, https:\/\/www.schiesser.com\/magazin\/wp-content\/uploads\/Bildschirmfoto-2021-12-07-um-10.30.23-450x649.png 450w, https:\/\/www.schiesser.com\/magazin\/wp-content\/uploads\/Bildschirmfoto-2021-12-07-um-10.30.23-900x1297.png 900w, https:\/\/www.schiesser.com\/magazin\/wp-content\/uploads\/Bildschirmfoto-2021-12-07-um-10.30.23.png 974w\" sizes=\"(max-width: 710px) 100vw, 710px\" \/><\/figure><\/li><\/ul><\/figure>\n\n\n\n<div style=\"height:30px\" aria-hidden=\"true\" class=\"wp-block-spacer\"><\/div>\n\n\n\n<p>Durch die vielen Farben im Muster bieten Karos auch eine gro\u00dfe Vielfalt an Kombinationsm\u00f6glichkeiten. Harmonisch wird es vor allem, wenn Sie sich eine Farbe aus dem Muster heraussuchen und entsprechend mit einer Uni-Farbe kombinieren. Aus diesem Grund verwenden wir Tartans auch immer wieder gerne in unserer <a href=\"https:\/\/www.schiesser.com\/herrenbekleidung-themen-mix-plus-relax\/\" target=\"_blank\" rel=\"noreferrer noopener\">Mix+Relax<\/a> Kollektion.<\/p>\n\n\n\n<div style=\"height:20px\" aria-hidden=\"true\" class=\"wp-block-spacer\"><\/div>\n\n\n\n<figure class=\"is-layout-flex wp-block-gallery-3 wp-block-gallery columns-3 is-cropped\"><ul class=\"blocks-gallery-grid\"><li class=\"blocks-gallery-item\"><figure><img decoding=\"async\" width=\"707\" height=\"1024\" src=\"https:\/\/www.schiesser.com\/magazin\/wp-content\/uploads\/Bildschirmfoto-2021-12-07-um-10.34.34-707x1024.png\" alt=\"\" data-id=\"5237\" data-full-url=\"https:\/\/www.schiesser.com\/magazin\/wp-content\/uploads\/Bildschirmfoto-2021-12-07-um-10.34.34.png\" data-link=\"https:\/\/www.schiesser.com\/magazin\/?attachment_id=5237\" class=\"wp-image-5237\" srcset=\"https:\/\/www.schiesser.com\/magazin\/wp-content\/uploads\/Bildschirmfoto-2021-12-07-um-10.34.34-707x1024.png 707w, https:\/\/www.schiesser.com\/magazin\/wp-content\/uploads\/Bildschirmfoto-2021-12-07-um-10.34.34-207x300.png 207w, https:\/\/www.schiesser.com\/magazin\/wp-content\/uploads\/Bildschirmfoto-2021-12-07-um-10.34.34-768x1112.png 768w, https:\/\/www.schiesser.com\/magazin\/wp-content\/uploads\/Bildschirmfoto-2021-12-07-um-10.34.34-131x190.png 131w, https:\/\/www.schiesser.com\/magazin\/wp-content\/uploads\/Bildschirmfoto-2021-12-07-um-10.34.34-276x400.png 276w, https:\/\/www.schiesser.com\/magazin\/wp-content\/uploads\/Bildschirmfoto-2021-12-07-um-10.34.34-600x868.png 600w, https:\/\/www.schiesser.com\/magazin\/wp-content\/uploads\/Bildschirmfoto-2021-12-07-um-10.34.34-100x145.png 100w, https:\/\/www.schiesser.com\/magazin\/wp-content\/uploads\/Bildschirmfoto-2021-12-07-um-10.34.34-150x217.png 150w, https:\/\/www.schiesser.com\/magazin\/wp-content\/uploads\/Bildschirmfoto-2021-12-07-um-10.34.34-200x289.png 200w, https:\/\/www.schiesser.com\/magazin\/wp-content\/uploads\/Bildschirmfoto-2021-12-07-um-10.34.34-300x434.png 300w, https:\/\/www.schiesser.com\/magazin\/wp-content\/uploads\/Bildschirmfoto-2021-12-07-um-10.34.34-450x651.png 450w, https:\/\/www.schiesser.com\/magazin\/wp-content\/uploads\/Bildschirmfoto-2021-12-07-um-10.34.34-900x1303.png 900w, https:\/\/www.schiesser.com\/magazin\/wp-content\/uploads\/Bildschirmfoto-2021-12-07-um-10.34.34.png 970w\" sizes=\"(max-width: 707px) 100vw, 707px\" \/><\/figure><\/li><li class=\"blocks-gallery-item\"><figure><img decoding=\"async\" width=\"710\" height=\"1024\" src=\"https:\/\/www.schiesser.com\/magazin\/wp-content\/uploads\/Bildschirmfoto-2021-12-07-um-10.34.02-710x1024.png\" alt=\"\" data-id=\"5238\" data-full-url=\"https:\/\/www.schiesser.com\/magazin\/wp-content\/uploads\/Bildschirmfoto-2021-12-07-um-10.34.02.png\" data-link=\"https:\/\/www.schiesser.com\/magazin\/?attachment_id=5238\" class=\"wp-image-5238\" srcset=\"https:\/\/www.schiesser.com\/magazin\/wp-content\/uploads\/Bildschirmfoto-2021-12-07-um-10.34.02-710x1024.png 710w, https:\/\/www.schiesser.com\/magazin\/wp-content\/uploads\/Bildschirmfoto-2021-12-07-um-10.34.02-208x300.png 208w, https:\/\/www.schiesser.com\/magazin\/wp-content\/uploads\/Bildschirmfoto-2021-12-07-um-10.34.02-768x1108.png 768w, https:\/\/www.schiesser.com\/magazin\/wp-content\/uploads\/Bildschirmfoto-2021-12-07-um-10.34.02-132x190.png 132w, https:\/\/www.schiesser.com\/magazin\/wp-content\/uploads\/Bildschirmfoto-2021-12-07-um-10.34.02-277x400.png 277w, https:\/\/www.schiesser.com\/magazin\/wp-content\/uploads\/Bildschirmfoto-2021-12-07-um-10.34.02-600x865.png 600w, https:\/\/www.schiesser.com\/magazin\/wp-content\/uploads\/Bildschirmfoto-2021-12-07-um-10.34.02-100x144.png 100w, https:\/\/www.schiesser.com\/magazin\/wp-content\/uploads\/Bildschirmfoto-2021-12-07-um-10.34.02-150x216.png 150w, https:\/\/www.schiesser.com\/magazin\/wp-content\/uploads\/Bildschirmfoto-2021-12-07-um-10.34.02-200x288.png 200w, https:\/\/www.schiesser.com\/magazin\/wp-content\/uploads\/Bildschirmfoto-2021-12-07-um-10.34.02-300x433.png 300w, https:\/\/www.schiesser.com\/magazin\/wp-content\/uploads\/Bildschirmfoto-2021-12-07-um-10.34.02-450x649.png 450w, https:\/\/www.schiesser.com\/magazin\/wp-content\/uploads\/Bildschirmfoto-2021-12-07-um-10.34.02-900x1298.png 900w, https:\/\/www.schiesser.com\/magazin\/wp-content\/uploads\/Bildschirmfoto-2021-12-07-um-10.34.02.png 972w\" sizes=\"(max-width: 710px) 100vw, 710px\" \/><\/figure><\/li><li class=\"blocks-gallery-item\"><figure><img decoding=\"async\" width=\"709\" height=\"1024\" src=\"https:\/\/www.schiesser.com\/magazin\/wp-content\/uploads\/Bildschirmfoto-2021-12-07-um-10.33.13-709x1024.png\" alt=\"\" data-id=\"5239\" data-full-url=\"https:\/\/www.schiesser.com\/magazin\/wp-content\/uploads\/Bildschirmfoto-2021-12-07-um-10.33.13.png\" data-link=\"https:\/\/www.schiesser.com\/magazin\/?attachment_id=5239\" class=\"wp-image-5239\" srcset=\"https:\/\/www.schiesser.com\/magazin\/wp-content\/uploads\/Bildschirmfoto-2021-12-07-um-10.33.13-709x1024.png 709w, https:\/\/www.schiesser.com\/magazin\/wp-content\/uploads\/Bildschirmfoto-2021-12-07-um-10.33.13-208x300.png 208w, https:\/\/www.schiesser.com\/magazin\/wp-content\/uploads\/Bildschirmfoto-2021-12-07-um-10.33.13-768x1109.png 768w, https:\/\/www.schiesser.com\/magazin\/wp-content\/uploads\/Bildschirmfoto-2021-12-07-um-10.33.13-132x190.png 132w, https:\/\/www.schiesser.com\/magazin\/wp-content\/uploads\/Bildschirmfoto-2021-12-07-um-10.33.13-277x400.png 277w, https:\/\/www.schiesser.com\/magazin\/wp-content\/uploads\/Bildschirmfoto-2021-12-07-um-10.33.13-600x866.png 600w, https:\/\/www.schiesser.com\/magazin\/wp-content\/uploads\/Bildschirmfoto-2021-12-07-um-10.33.13-100x144.png 100w, https:\/\/www.schiesser.com\/magazin\/wp-content\/uploads\/Bildschirmfoto-2021-12-07-um-10.33.13-150x217.png 150w, https:\/\/www.schiesser.com\/magazin\/wp-content\/uploads\/Bildschirmfoto-2021-12-07-um-10.33.13-200x289.png 200w, https:\/\/www.schiesser.com\/magazin\/wp-content\/uploads\/Bildschirmfoto-2021-12-07-um-10.33.13-300x433.png 300w, https:\/\/www.schiesser.com\/magazin\/wp-content\/uploads\/Bildschirmfoto-2021-12-07-um-10.33.13-450x650.png 450w, https:\/\/www.schiesser.com\/magazin\/wp-content\/uploads\/Bildschirmfoto-2021-12-07-um-10.33.13-900x1299.png 900w, https:\/\/www.schiesser.com\/magazin\/wp-content\/uploads\/Bildschirmfoto-2021-12-07-um-10.33.13.png 974w\" sizes=\"(max-width: 709px) 100vw, 709px\" \/><\/figure><\/li><\/ul><\/figure>\n\n\n\n<p>Wenn auch Sie Lust auf Karos bekommen haben, dann schauen Sie gleich rein in den SCHIESSER Onlineshop und suchen Sie sich Ihren Lieblings-Tartan-Look aus! <\/p>\n\n\n\n<div class=\"cta-container\" class=\"wp-block-gutenberg-call-to-action-call-to-action-block\"><a href=\"https:\/\/www.schiesser.com\/index.php?cl=search&amp;searchparam=&amp;cl=search&amp;searchparam=karo&amp;filterSort=relevance_desc\" style=\"color:black;border-radius:undefinedpx;background-color:Gray;padding:undefinedpx;font-size:undefinedpx;text-decoration:none\">Jetzt Karos shoppen!<\/a><\/div>\n\n\n\n<p><\/p>\n","protected":false},"excerpt":{"rendered":"<p>Karos sind ein echt klassisches Muster &#8211; kein Wunder, es passt einfach immer! Auch karierte W\u00e4sche ist darum ein echter Evergreen; ganz gleich, ob kunterbunt oder unifarben, als feines Vichy-Karo oder edler Hahnentritt. Woher karierte Muster stammen und wie Sie sie kombinieren k\u00f6nnen, verraten wir Ihnen heute!<\/p>\n","protected":false},"author":2,"featured_media":5229,"comment_status":"open","ping_status":"open","sticky":false,"template":"","format":"standard","meta":[],"categories":[93],"tags":[],"yoast_head":"<!-- This site is optimized with the Yoast SEO plugin v20.2 - https:\/\/yoast.com\/wordpress\/plugins\/seo\/ -->\n<title>Karierte W\u00e4sche? Alles andere als kleinkariert! - Schiesser<\/title>\n<meta name=\"description\" content=\"Karos sind ein absoluter Evergreen! Wo sie herkommen und warum wir karierte W\u00e4sche lieben, erfahren Sie im SCHIESSER Magazin!\" \/>\n<meta name=\"robots\" content=\"index, follow, max-snippet:-1, max-image-preview:large, max-video-preview:-1\" \/>\n<link rel=\"canonical\" href=\"https:\/\/www.schiesser.com\/magazin\/karierte-waesche-alles-andere-als-kleinkariert\/\" \/>\n<meta property=\"og:locale\" content=\"de_DE\" \/>\n<meta property=\"og:type\" content=\"article\" \/>\n<meta property=\"og:title\" content=\"Karierte W\u00e4sche? Alles andere als kleinkariert! - Schiesser\" \/>\n<meta property=\"og:description\" content=\"Karos sind ein absoluter Evergreen! Wo sie herkommen und warum wir karierte W\u00e4sche lieben, erfahren Sie im SCHIESSER Magazin!\" \/>\n<meta property=\"og:url\" content=\"https:\/\/www.schiesser.com\/magazin\/karierte-waesche-alles-andere-als-kleinkariert\/\" \/>\n<meta property=\"og:site_name\" content=\"Schiesser\" \/>\n<meta property=\"article:publisher\" content=\"https:\/\/www.facebook.com\/SCHIESSERGmbH1875\" \/>\n<meta property=\"article:published_time\" content=\"2021-12-07T09:42:29+00:00\" \/>\n<meta property=\"article:modified_time\" content=\"2022-07-06T09:53:56+00:00\" \/>\n<meta property=\"og:image\" content=\"https:\/\/www.schiesser.com\/magazin\/wp-content\/uploads\/SCHIESSER_fall_winter_2021_original_SR_HE_KH21_169872_175247_30.11.2023_RGB.jpg\" \/>\n\t<meta property=\"og:image:width\" content=\"400\" \/>\n\t<meta property=\"og:image:height\" content=\"533\" \/>\n\t<meta property=\"og:image:type\" content=\"image\/jpeg\" \/>\n<meta name=\"author\" content=\"SCHIESSER\" \/>\n<meta name=\"twitter:card\" content=\"summary_large_image\" \/>\n<meta name=\"twitter:creator\" content=\"@schiessergmbh\" \/>\n<meta name=\"twitter:site\" content=\"@schiessergmbh\" \/>\n<meta name=\"twitter:label1\" content=\"Verfasst von\" \/>\n\t<meta name=\"twitter:data1\" content=\"SCHIESSER\" \/>\n\t<meta name=\"twitter:label2\" content=\"Gesch\u00e4tzte Lesezeit\" \/>\n\t<meta name=\"twitter:data2\" content=\"4 Minuten\" \/>\n<script type=\"application\/ld+json\" class=\"yoast-schema-graph\">{\"@context\":\"https:\/\/schema.org\",\"@graph\":[{\"@type\":\"Article\",\"@id\":\"https:\/\/www.schiesser.com\/magazin\/karierte-waesche-alles-andere-als-kleinkariert\/#article\",\"isPartOf\":{\"@id\":\"https:\/\/www.schiesser.com\/magazin\/karierte-waesche-alles-andere-als-kleinkariert\/\"},\"author\":{\"name\":\"SCHIESSER\",\"@id\":\"https:\/\/www.schiesser.com\/magazin\/#\/schema\/person\/e72bf75bf2cf3d94af84e9643a034d48\"},\"headline\":\"Karierte W\u00e4sche? Alles andere als kleinkariert!\",\"datePublished\":\"2021-12-07T09:42:29+00:00\",\"dateModified\":\"2022-07-06T09:53:56+00:00\",\"mainEntityOfPage\":{\"@id\":\"https:\/\/www.schiesser.com\/magazin\/karierte-waesche-alles-andere-als-kleinkariert\/\"},\"wordCount\":340,\"commentCount\":0,\"publisher\":{\"@id\":\"https:\/\/www.schiesser.com\/magazin\/#organization\"},\"articleSection\":[\"Lifestyle\"],\"inLanguage\":\"de-DE\",\"potentialAction\":[{\"@type\":\"CommentAction\",\"name\":\"Comment\",\"target\":[\"https:\/\/www.schiesser.com\/magazin\/karierte-waesche-alles-andere-als-kleinkariert\/#respond\"]}]},{\"@type\":\"WebPage\",\"@id\":\"https:\/\/www.schiesser.com\/magazin\/karierte-waesche-alles-andere-als-kleinkariert\/\",\"url\":\"https:\/\/www.schiesser.com\/magazin\/karierte-waesche-alles-andere-als-kleinkariert\/\",\"name\":\"Karierte W\u00e4sche? Alles andere als kleinkariert! - Schiesser\",\"isPartOf\":{\"@id\":\"https:\/\/www.schiesser.com\/magazin\/#website\"},\"datePublished\":\"2021-12-07T09:42:29+00:00\",\"dateModified\":\"2022-07-06T09:53:56+00:00\",\"description\":\"Karos sind ein absoluter Evergreen! Wo sie herkommen und warum wir karierte W\u00e4sche lieben, erfahren Sie im SCHIESSER Magazin!\",\"breadcrumb\":{\"@id\":\"https:\/\/www.schiesser.com\/magazin\/karierte-waesche-alles-andere-als-kleinkariert\/#breadcrumb\"},\"inLanguage\":\"de-DE\",\"potentialAction\":[{\"@type\":\"ReadAction\",\"target\":[\"https:\/\/www.schiesser.com\/magazin\/karierte-waesche-alles-andere-als-kleinkariert\/\"]}]},{\"@type\":\"BreadcrumbList\",\"@id\":\"https:\/\/www.schiesser.com\/magazin\/karierte-waesche-alles-andere-als-kleinkariert\/#breadcrumb\",\"itemListElement\":[{\"@type\":\"ListItem\",\"position\":1,\"name\":\"Home\",\"item\":\"https:\/\/www.schiesser.com\/magazin\/\"},{\"@type\":\"ListItem\",\"position\":2,\"name\":\"Karierte W\u00e4sche? Alles andere als kleinkariert!\"}]},{\"@type\":\"WebSite\",\"@id\":\"https:\/\/www.schiesser.com\/magazin\/#website\",\"url\":\"https:\/\/www.schiesser.com\/magazin\/\",\"name\":\"Schiesser\",\"description\":\"Nat\u00fcrlich. Zeitgeist. Seit 1875\",\"publisher\":{\"@id\":\"https:\/\/www.schiesser.com\/magazin\/#organization\"},\"potentialAction\":[{\"@type\":\"SearchAction\",\"target\":{\"@type\":\"EntryPoint\",\"urlTemplate\":\"https:\/\/www.schiesser.com\/magazin\/?s={search_term_string}\"},\"query-input\":\"required name=search_term_string\"}],\"inLanguage\":\"de-DE\"},{\"@type\":\"Organization\",\"@id\":\"https:\/\/www.schiesser.com\/magazin\/#organization\",\"name\":\"Schiesser GmbH\",\"url\":\"https:\/\/www.schiesser.com\/magazin\/\",\"logo\":{\"@type\":\"ImageObject\",\"inLanguage\":\"de-DE\",\"@id\":\"https:\/\/www.schiesser.com\/magazin\/#\/schema\/logo\/image\/\",\"url\":\"https:\/\/www.schiesser.com\/magazin\/wp-content\/uploads\/logo.png\",\"contentUrl\":\"https:\/\/www.schiesser.com\/magazin\/wp-content\/uploads\/logo.png\",\"width\":245,\"height\":42,\"caption\":\"Schiesser GmbH\"},\"image\":{\"@id\":\"https:\/\/www.schiesser.com\/magazin\/#\/schema\/logo\/image\/\"},\"sameAs\":[\"https:\/\/www.facebook.com\/SCHIESSERGmbH1875\",\"https:\/\/twitter.com\/schiessergmbh\",\"https:\/\/www.instagram.com\/schiesser\/\",\"https:\/\/www.pinterest.de\/schiessergmbh\/\",\"https:\/\/www.youtube.com\/channel\/UCCe2pgIFNVcYnfvpt34fGMw\"]},{\"@type\":\"Person\",\"@id\":\"https:\/\/www.schiesser.com\/magazin\/#\/schema\/person\/e72bf75bf2cf3d94af84e9643a034d48\",\"name\":\"SCHIESSER\",\"image\":{\"@type\":\"ImageObject\",\"inLanguage\":\"de-DE\",\"@id\":\"https:\/\/www.schiesser.com\/magazin\/#\/schema\/person\/image\/\",\"url\":\"https:\/\/www.schiesser.com\/magazin\/wp-content\/uploads\/schiesser_profile-100x100.png\",\"contentUrl\":\"https:\/\/www.schiesser.com\/magazin\/wp-content\/uploads\/schiesser_profile-100x100.png\",\"caption\":\"SCHIESSER\"},\"sameAs\":[\"http:\/\/www.schiesser.com\/\"],\"url\":\"https:\/\/www.schiesser.com\/magazin\/author\/m-riester\/\"}]}<\/script>\n<!-- \/ Yoast SEO plugin. -->","yoast_head_json":{"title":"Karierte W\u00e4sche? Alles andere als kleinkariert! - Schiesser","description":"Karos sind ein absoluter Evergreen! Wo sie herkommen und warum wir karierte W\u00e4sche lieben, erfahren Sie im SCHIESSER Magazin!","robots":{"index":"index","follow":"follow","max-snippet":"max-snippet:-1","max-image-preview":"max-image-preview:large","max-video-preview":"max-video-preview:-1"},"canonical":"https:\/\/www.schiesser.com\/magazin\/karierte-waesche-alles-andere-als-kleinkariert\/","og_locale":"de_DE","og_type":"article","og_title":"Karierte W\u00e4sche? Alles andere als kleinkariert! - Schiesser","og_description":"Karos sind ein absoluter Evergreen! Wo sie herkommen und warum wir karierte W\u00e4sche lieben, erfahren Sie im SCHIESSER Magazin!","og_url":"https:\/\/www.schiesser.com\/magazin\/karierte-waesche-alles-andere-als-kleinkariert\/","og_site_name":"Schiesser","article_publisher":"https:\/\/www.facebook.com\/SCHIESSERGmbH1875","article_published_time":"2021-12-07T09:42:29+00:00","article_modified_time":"2022-07-06T09:53:56+00:00","og_image":[{"width":400,"height":533,"url":"https:\/\/www.schiesser.com\/magazin\/wp-content\/uploads\/SCHIESSER_fall_winter_2021_original_SR_HE_KH21_169872_175247_30.11.2023_RGB.jpg","type":"image\/jpeg"}],"author":"SCHIESSER","twitter_card":"summary_large_image","twitter_creator":"@schiessergmbh","twitter_site":"@schiessergmbh","twitter_misc":{"Verfasst von":"SCHIESSER","Gesch\u00e4tzte Lesezeit":"4 Minuten"},"schema":{"@context":"https:\/\/schema.org","@graph":[{"@type":"Article","@id":"https:\/\/www.schiesser.com\/magazin\/karierte-waesche-alles-andere-als-kleinkariert\/#article","isPartOf":{"@id":"https:\/\/www.schiesser.com\/magazin\/karierte-waesche-alles-andere-als-kleinkariert\/"},"author":{"name":"SCHIESSER","@id":"https:\/\/www.schiesser.com\/magazin\/#\/schema\/person\/e72bf75bf2cf3d94af84e9643a034d48"},"headline":"Karierte W\u00e4sche? Alles andere als kleinkariert!","datePublished":"2021-12-07T09:42:29+00:00","dateModified":"2022-07-06T09:53:56+00:00","mainEntityOfPage":{"@id":"https:\/\/www.schiesser.com\/magazin\/karierte-waesche-alles-andere-als-kleinkariert\/"},"wordCount":340,"commentCount":0,"publisher":{"@id":"https:\/\/www.schiesser.com\/magazin\/#organization"},"articleSection":["Lifestyle"],"inLanguage":"de-DE","potentialAction":[{"@type":"CommentAction","name":"Comment","target":["https:\/\/www.schiesser.com\/magazin\/karierte-waesche-alles-andere-als-kleinkariert\/#respond"]}]},{"@type":"WebPage","@id":"https:\/\/www.schiesser.com\/magazin\/karierte-waesche-alles-andere-als-kleinkariert\/","url":"https:\/\/www.schiesser.com\/magazin\/karierte-waesche-alles-andere-als-kleinkariert\/","name":"Karierte W\u00e4sche? Alles andere als kleinkariert! - Schiesser","isPartOf":{"@id":"https:\/\/www.schiesser.com\/magazin\/#website"},"datePublished":"2021-12-07T09:42:29+00:00","dateModified":"2022-07-06T09:53:56+00:00","description":"Karos sind ein absoluter Evergreen! Wo sie herkommen und warum wir karierte W\u00e4sche lieben, erfahren Sie im SCHIESSER Magazin!","breadcrumb":{"@id":"https:\/\/www.schiesser.com\/magazin\/karierte-waesche-alles-andere-als-kleinkariert\/#breadcrumb"},"inLanguage":"de-DE","potentialAction":[{"@type":"ReadAction","target":["https:\/\/www.schiesser.com\/magazin\/karierte-waesche-alles-andere-als-kleinkariert\/"]}]},{"@type":"BreadcrumbList","@id":"https:\/\/www.schiesser.com\/magazin\/karierte-waesche-alles-andere-als-kleinkariert\/#breadcrumb","itemListElement":[{"@type":"ListItem","position":1,"name":"Home","item":"https:\/\/www.schiesser.com\/magazin\/"},{"@type":"ListItem","position":2,"name":"Karierte W\u00e4sche? Alles andere als kleinkariert!"}]},{"@type":"WebSite","@id":"https:\/\/www.schiesser.com\/magazin\/#website","url":"https:\/\/www.schiesser.com\/magazin\/","name":"Schiesser","description":"Nat\u00fcrlich. Zeitgeist. Seit 1875","publisher":{"@id":"https:\/\/www.schiesser.com\/magazin\/#organization"},"potentialAction":[{"@type":"SearchAction","target":{"@type":"EntryPoint","urlTemplate":"https:\/\/www.schiesser.com\/magazin\/?s={search_term_string}"},"query-input":"required name=search_term_string"}],"inLanguage":"de-DE"},{"@type":"Organization","@id":"https:\/\/www.schiesser.com\/magazin\/#organization","name":"Schiesser GmbH","url":"https:\/\/www.schiesser.com\/magazin\/","logo":{"@type":"ImageObject","inLanguage":"de-DE","@id":"https:\/\/www.schiesser.com\/magazin\/#\/schema\/logo\/image\/","url":"https:\/\/www.schiesser.com\/magazin\/wp-content\/uploads\/logo.png","contentUrl":"https:\/\/www.schiesser.com\/magazin\/wp-content\/uploads\/logo.png","width":245,"height":42,"caption":"Schiesser GmbH"},"image":{"@id":"https:\/\/www.schiesser.com\/magazin\/#\/schema\/logo\/image\/"},"sameAs":["https:\/\/www.facebook.com\/SCHIESSERGmbH1875","https:\/\/twitter.com\/schiessergmbh","https:\/\/www.instagram.com\/schiesser\/","https:\/\/www.pinterest.de\/schiessergmbh\/","https:\/\/www.youtube.com\/channel\/UCCe2pgIFNVcYnfvpt34fGMw"]},{"@type":"Person","@id":"https:\/\/www.schiesser.com\/magazin\/#\/schema\/person\/e72bf75bf2cf3d94af84e9643a034d48","name":"SCHIESSER","image":{"@type":"ImageObject","inLanguage":"de-DE","@id":"https:\/\/www.schiesser.com\/magazin\/#\/schema\/person\/image\/","url":"https:\/\/www.schiesser.com\/magazin\/wp-content\/uploads\/schiesser_profile-100x100.png","contentUrl":"https:\/\/www.schiesser.com\/magazin\/wp-content\/uploads\/schiesser_profile-100x100.png","caption":"SCHIESSER"},"sameAs":["http:\/\/www.schiesser.com\/"],"url":"https:\/\/www.schiesser.com\/magazin\/author\/m-riester\/"}]}},"_links":{"self":[{"href":"https:\/\/www.schiesser.com\/magazin\/wp-json\/wp\/v2\/posts\/5228"}],"collection":[{"href":"https:\/\/www.schiesser.com\/magazin\/wp-json\/wp\/v2\/posts"}],"about":[{"href":"https:\/\/www.schiesser.com\/magazin\/wp-json\/wp\/v2\/types\/post"}],"author":[{"embeddable":true,"href":"https:\/\/www.schiesser.com\/magazin\/wp-json\/wp\/v2\/users\/2"}],"replies":[{"embeddable":true,"href":"https:\/\/www.schiesser.com\/magazin\/wp-json\/wp\/v2\/comments?post=5228"}],"version-history":[{"count":6,"href":"https:\/\/www.schiesser.com\/magazin\/wp-json\/wp\/v2\/posts\/5228\/revisions"}],"predecessor-version":[{"id":5827,"href":"https:\/\/www.schiesser.com\/magazin\/wp-json\/wp\/v2\/posts\/5228\/revisions\/5827"}],"wp:featuredmedia":[{"embeddable":true,"href":"https:\/\/www.schiesser.com\/magazin\/wp-json\/wp\/v2\/media\/5229"}],"wp:attachment":[{"href":"https:\/\/www.schiesser.com\/magazin\/wp-json\/wp\/v2\/media?parent=5228"}],"wp:term":[{"taxonomy":"category","embeddable":true,"href":"https:\/\/www.schiesser.com\/magazin\/wp-json\/wp\/v2\/categories?post=5228"},{"taxonomy":"post_tag","embeddable":true,"href":"https:\/\/www.schiesser.com\/magazin\/wp-json\/wp\/v2\/tags?post=5228"}],"curies":[{"name":"wp","href":"https:\/\/api.w.org\/{rel}","templated":true}]}}