{"id":527,"date":"2017-03-19T11:00:11","date_gmt":"2017-03-19T10:00:11","guid":{"rendered":"https:\/\/www.schiesser.com\/magazin\/?p=527"},"modified":"2017-09-19T16:00:02","modified_gmt":"2017-09-19T14:00:02","slug":"wickelwaesche-fuer-babys-minis-im-zwiebel-look","status":"publish","type":"post","link":"https:\/\/www.schiesser.com\/magazin\/wickelwaesche-fuer-babys-minis-im-zwiebel-look\/","title":{"rendered":"Wickelw\u00e4sche f\u00fcr Babys &#8211; Minis im Zwiebel-Look"},"content":{"rendered":"<section class=\"wpb-content-wrapper\"><p>[vc_row][vc_column][vc_column_text]Es ist unglaublich, wie schnell man vergisst, dass die \u201egro\u00dfen\u201c Kinder einmal sooo winzig klein waren. Als unsere Lotte geboren wurde, waren mein Mann und ich nicht nur voller Stolz, sondern auch voller Selbstbewusstsein.<!--more--><\/p>\n<ul>\n<li>Hilfe beim Stillen? Pah, das mache ich doch im Schlaf!<\/li>\n<li>Wie bade ich mein Baby? Unsinn, das geht doch ratzifatzi!<\/li>\n<li>Wie wickele ich das Neugeborene? Quatsch mit So\u00dfe, schon 1000mal gemacht.<\/li>\n<\/ul>\n<p>Richtig, im Grunde genommen, aber hat man das kleine W\u00fcrmchen dann erst einmal auf der Wickelauflage liegen, mit seinen Mini-Beinchen, dem unbeweglichen K\u00f6pfchen und einem Bauchnabel, der einwickelt in Mull ein wenig bedrohlich wirkt, dann mussten selbst wir alten Hasen schon ein wenig schlucken.[\/vc_column_text][vc_column_text]Vor allem auf der S\u00e4uglingsstation des Krankenhauses, wartend auf die U2, als pl\u00f6tzlich f\u00fcnf andere Paare mit f\u00fcnf schreienden Kindern den Raum f\u00fcllten, die Temperatur sich sp\u00fcrbar erh\u00f6hte und selbst mir ein paar Schwei\u00dfperlen auf die Stirn traten, als es hie\u00df, ich solle mein Kind jetzt z\u00fcgig ausziehen, denn ich sei gleich dran. Z\u00fcgig? Moment mal! Hat einer hier im Raum bedacht, dass die S\u00e4uglingsw\u00e4sche im Krankenhaus \u00fcberhaupt nicht auf das Wort \u201ez\u00fcgig\u201c ausgelegt ist? Olle Druckkn\u00f6pfe, die nicht mehr vern\u00fcnftig schlie\u00dfen oder an unm\u00f6glichen Stellen klemmen, viel zu lange \u00c4rmchen, eine winzige Kopf\u00f6ffnung, durch die das hilflose Wesen durch muss \u2013 fragt sich hier, wer in diesem Moment hilfloser war: die Mama oder das Baby?<\/p>\n<p>Eine ur-eingesessene Krankenschwester kam mir in meiner ansteigenden Panik zur Hilfe, packte beherzt das kleine W\u00fcrmchen und zog es blitzschnell aus \u2013 tats\u00e4chlich z\u00fcgig.[\/vc_column_text][vc_single_image image=&#8220;701&#8243; img_size=&#8220;full&#8220;][vc_column_text]Als mein Mann mich an diesem Abend im Krankenhaus besuchen kam, gab ich ihm eine Liste mit Dingen, die er unbedingt mitbringen sollte. Das wichtigste: ordentliche <a href=\"https:\/\/www.schiesser.com\/kinderbekleidung-babys-unterwaesche-wickelbody-langarm-feinripp-weiss-original-classics.html?campaign=Blog\/KW11\" target=\"_blank\">Wickelbodys<\/a>! Denn so eine Szene brauchte ich in meinem hormonellen Ausnahmezustand derzeit \u00fcberhaupt nicht.[\/vc_column_text][vc_column_text]Lotte machte das alles zum Gl\u00fcck sehr entspannt mit und es dauerte nicht lange, da waren die alten Hasen wieder in Topform: Kn\u00f6pfchen auf, Windel runter, Bauchnabel ratzfatz neu verbunden, Popo zackzack saubergewischt, frische Windel wieder drauf und alles gut verschlie\u00dfen. Fertig ist das frische, zufriedene Baby![\/vc_column_text][vc_column_text]Meistens zumindest, denn sollte der beim Stillkind so seltene Besuch eines gro\u00dfen Gesch\u00e4fts vorkommen, wir nennen es das \u201eBig Business\u201c, dann ist das sch\u00f6ne Krankenhaus-W\u00f6rtchen \u201ez\u00fcgig\u201c trotz der besten Wickel-W\u00e4sche auch nicht mehr anwendbar. Wenn sich demnach auff\u00e4llige Flecken an R\u00fccken, Seiten und Bauch des Bodys hochziehen, dann ist tats\u00e4chlich erst einmal ein tiefer Atemzug n\u00f6tig. Keine Angst, es droht bei ganz kleinen Babys keine Erstickungsgefahr, denn in der Regel h\u00e4lt sich die Geruchsbel\u00e4stigung des Big Business` eher bedeckt \u2013 bei meinen Kindern zumindest. Anschlie\u00dfend ist dank guter Druckkn\u00f6pfe und babyfreundlicher (oder eher Mama-freundlicher\u2026) Schnittformen der eingesaute Wickelbody zwar schnell runter, aber um eine Komplett-Dusche des Winzlings kommt man dennoch nicht rum. Und da, oha, zeigte sich zum Gl\u00fcck wieder die Erfahrung, denn Baden konnte ich das Baby noch sehr gut \u2013 auch v\u00f6llig eingesaut und ein wenig missgelaunt.<\/p>\n<p>Das saubere Outfit und einen Beruhigungsdrink haben sich Mutter und Kind aber im Anschluss redlich verdient\u2026also hoch die (Milch-) Tassen und zum Wohl auf <a href=\"https:\/\/www.schiesser.com\/kinderbekleidung-babys\/\" target=\"_blank\">gute Babykleidung<\/a>![\/vc_column_text][\/vc_column][\/vc_row][vc_row][vc_column][\/vc_column][\/vc_row]<\/p>\n<\/section>","protected":false},"excerpt":{"rendered":"<p>[vc_row][vc_column][vc_column_text]Es ist unglaublich, wie schnell man vergisst, dass die \u201egro\u00dfen\u201c Kinder einmal sooo winzig klein waren. Als unsere Lotte geboren wurde, waren mein Mann und ich nicht nur voller Stolz, sondern auch voller Selbstbewusstsein.<\/p>\n","protected":false},"author":6,"featured_media":701,"comment_status":"open","ping_status":"open","sticky":false,"template":"","format":"standard","meta":[],"categories":[91],"tags":[],"yoast_head":"<!-- This site is optimized with the Yoast SEO plugin v20.2 - https:\/\/yoast.com\/wordpress\/plugins\/seo\/ -->\n<title>Wickelw\u00e4sche f\u00fcr Babys - SCHIESSER Magazin<\/title>\n<meta name=\"description\" content=\"Die perfekte Wickelw\u00e4sche f\u00fcr Babys? Aus weicher Baumwolle sollte sie sein, mit Druckkn\u00f6pfen und in bester Qualit\u00e4t. Lesen Sie mehr im SCHIESSER-Magazin!\" \/>\n<meta name=\"robots\" content=\"index, follow, max-snippet:-1, max-image-preview:large, max-video-preview:-1\" \/>\n<link rel=\"canonical\" href=\"https:\/\/www.schiesser.com\/magazin\/wickelwaesche-fuer-babys-minis-im-zwiebel-look\/\" \/>\n<meta property=\"og:locale\" content=\"de_DE\" \/>\n<meta property=\"og:type\" content=\"article\" \/>\n<meta property=\"og:title\" content=\"Wickelw\u00e4sche f\u00fcr Babys - SCHIESSER Magazin\" \/>\n<meta property=\"og:description\" content=\"Die perfekte Wickelw\u00e4sche f\u00fcr Babys? Aus weicher Baumwolle sollte sie sein, mit Druckkn\u00f6pfen und in bester Qualit\u00e4t. Lesen Sie mehr im SCHIESSER-Magazin!\" \/>\n<meta property=\"og:url\" content=\"https:\/\/www.schiesser.com\/magazin\/wickelwaesche-fuer-babys-minis-im-zwiebel-look\/\" \/>\n<meta property=\"og:site_name\" content=\"Schiesser\" \/>\n<meta property=\"article:publisher\" content=\"https:\/\/www.facebook.com\/SCHIESSERGmbH1875\" \/>\n<meta property=\"article:published_time\" content=\"2017-03-19T10:00:11+00:00\" \/>\n<meta property=\"article:modified_time\" content=\"2017-09-19T14:00:02+00:00\" \/>\n<meta property=\"og:image\" content=\"https:\/\/www.schiesser.com\/magazin\/wp-content\/uploads\/Mama_Teddyw\u00e4sche.jpg\" \/>\n\t<meta property=\"og:image:width\" content=\"2480\" \/>\n\t<meta property=\"og:image:height\" content=\"1653\" \/>\n\t<meta property=\"og:image:type\" content=\"image\/jpeg\" \/>\n<meta name=\"author\" content=\"Schiesser Mama\" \/>\n<meta name=\"twitter:card\" content=\"summary_large_image\" \/>\n<meta name=\"twitter:creator\" content=\"@schiessergmbh\" \/>\n<meta name=\"twitter:site\" content=\"@schiessergmbh\" \/>\n<meta name=\"twitter:label1\" content=\"Verfasst von\" \/>\n\t<meta name=\"twitter:data1\" content=\"Schiesser Mama\" \/>\n\t<meta name=\"twitter:label2\" content=\"Gesch\u00e4tzte Lesezeit\" \/>\n\t<meta name=\"twitter:data2\" content=\"3 Minuten\" \/>\n<script type=\"application\/ld+json\" class=\"yoast-schema-graph\">{\"@context\":\"https:\/\/schema.org\",\"@graph\":[{\"@type\":\"Article\",\"@id\":\"https:\/\/www.schiesser.com\/magazin\/wickelwaesche-fuer-babys-minis-im-zwiebel-look\/#article\",\"isPartOf\":{\"@id\":\"https:\/\/www.schiesser.com\/magazin\/wickelwaesche-fuer-babys-minis-im-zwiebel-look\/\"},\"author\":{\"name\":\"Schiesser Mama\",\"@id\":\"https:\/\/www.schiesser.com\/magazin\/#\/schema\/person\/576be8a06601345bce6b6937149606e7\"},\"headline\":\"Wickelw\u00e4sche f\u00fcr Babys &#8211; Minis im Zwiebel-Look\",\"datePublished\":\"2017-03-19T10:00:11+00:00\",\"dateModified\":\"2017-09-19T14:00:02+00:00\",\"mainEntityOfPage\":{\"@id\":\"https:\/\/www.schiesser.com\/magazin\/wickelwaesche-fuer-babys-minis-im-zwiebel-look\/\"},\"wordCount\":604,\"commentCount\":0,\"publisher\":{\"@id\":\"https:\/\/www.schiesser.com\/magazin\/#organization\"},\"articleSection\":[\"Ratgeber\"],\"inLanguage\":\"de-DE\",\"potentialAction\":[{\"@type\":\"CommentAction\",\"name\":\"Comment\",\"target\":[\"https:\/\/www.schiesser.com\/magazin\/wickelwaesche-fuer-babys-minis-im-zwiebel-look\/#respond\"]}]},{\"@type\":\"WebPage\",\"@id\":\"https:\/\/www.schiesser.com\/magazin\/wickelwaesche-fuer-babys-minis-im-zwiebel-look\/\",\"url\":\"https:\/\/www.schiesser.com\/magazin\/wickelwaesche-fuer-babys-minis-im-zwiebel-look\/\",\"name\":\"Wickelw\u00e4sche f\u00fcr Babys - SCHIESSER Magazin\",\"isPartOf\":{\"@id\":\"https:\/\/www.schiesser.com\/magazin\/#website\"},\"datePublished\":\"2017-03-19T10:00:11+00:00\",\"dateModified\":\"2017-09-19T14:00:02+00:00\",\"description\":\"Die perfekte Wickelw\u00e4sche f\u00fcr Babys? Aus weicher Baumwolle sollte sie sein, mit Druckkn\u00f6pfen und in bester Qualit\u00e4t. Lesen Sie mehr im SCHIESSER-Magazin!\",\"breadcrumb\":{\"@id\":\"https:\/\/www.schiesser.com\/magazin\/wickelwaesche-fuer-babys-minis-im-zwiebel-look\/#breadcrumb\"},\"inLanguage\":\"de-DE\",\"potentialAction\":[{\"@type\":\"ReadAction\",\"target\":[\"https:\/\/www.schiesser.com\/magazin\/wickelwaesche-fuer-babys-minis-im-zwiebel-look\/\"]}]},{\"@type\":\"BreadcrumbList\",\"@id\":\"https:\/\/www.schiesser.com\/magazin\/wickelwaesche-fuer-babys-minis-im-zwiebel-look\/#breadcrumb\",\"itemListElement\":[{\"@type\":\"ListItem\",\"position\":1,\"name\":\"Home\",\"item\":\"https:\/\/www.schiesser.com\/magazin\/\"},{\"@type\":\"ListItem\",\"position\":2,\"name\":\"Wickelw\u00e4sche f\u00fcr Babys &#8211; Minis im Zwiebel-Look\"}]},{\"@type\":\"WebSite\",\"@id\":\"https:\/\/www.schiesser.com\/magazin\/#website\",\"url\":\"https:\/\/www.schiesser.com\/magazin\/\",\"name\":\"Schiesser\",\"description\":\"Nat\u00fcrlich. Zeitgeist. Seit 1875\",\"publisher\":{\"@id\":\"https:\/\/www.schiesser.com\/magazin\/#organization\"},\"potentialAction\":[{\"@type\":\"SearchAction\",\"target\":{\"@type\":\"EntryPoint\",\"urlTemplate\":\"https:\/\/www.schiesser.com\/magazin\/?s={search_term_string}\"},\"query-input\":\"required name=search_term_string\"}],\"inLanguage\":\"de-DE\"},{\"@type\":\"Organization\",\"@id\":\"https:\/\/www.schiesser.com\/magazin\/#organization\",\"name\":\"Schiesser GmbH\",\"url\":\"https:\/\/www.schiesser.com\/magazin\/\",\"logo\":{\"@type\":\"ImageObject\",\"inLanguage\":\"de-DE\",\"@id\":\"https:\/\/www.schiesser.com\/magazin\/#\/schema\/logo\/image\/\",\"url\":\"https:\/\/www.schiesser.com\/magazin\/wp-content\/uploads\/logo.png\",\"contentUrl\":\"https:\/\/www.schiesser.com\/magazin\/wp-content\/uploads\/logo.png\",\"width\":245,\"height\":42,\"caption\":\"Schiesser GmbH\"},\"image\":{\"@id\":\"https:\/\/www.schiesser.com\/magazin\/#\/schema\/logo\/image\/\"},\"sameAs\":[\"https:\/\/www.facebook.com\/SCHIESSERGmbH1875\",\"https:\/\/twitter.com\/schiessergmbh\",\"https:\/\/www.instagram.com\/schiesser\/\",\"https:\/\/www.pinterest.de\/schiessergmbh\/\",\"https:\/\/www.youtube.com\/channel\/UCCe2pgIFNVcYnfvpt34fGMw\"]},{\"@type\":\"Person\",\"@id\":\"https:\/\/www.schiesser.com\/magazin\/#\/schema\/person\/576be8a06601345bce6b6937149606e7\",\"name\":\"Schiesser Mama\",\"image\":{\"@type\":\"ImageObject\",\"inLanguage\":\"de-DE\",\"@id\":\"https:\/\/www.schiesser.com\/magazin\/#\/schema\/person\/image\/\",\"url\":\"https:\/\/www.schiesser.com\/magazin\/wp-content\/uploads\/profilesr_mama-100x100.png\",\"contentUrl\":\"https:\/\/www.schiesser.com\/magazin\/wp-content\/uploads\/profilesr_mama-100x100.png\",\"caption\":\"Schiesser Mama\"},\"description\":\"Unsere Schiesser-Mama erz\u00e4hlt uns in heiteren Geschichten von ihrem ganz normalen, tagt\u00e4glichen Wahnsinn mit ihren beiden Kids Lotte (2 Jahre) und Otto (5 Jahre). Zwischen all dem Familienchaos, W\u00e4schebergen und ihrem Job nimmt sie sich mit ihrem Blog eine Auszeit, um Leidensgenossinnen von den kleinen und gro\u00dfen Herausforderungen zu berichten, gibt Tipps &amp; Tricks weiter und bringt uns mit ihren Anekdoten immer wieder zum Schmunzeln.\",\"sameAs\":[\"https:\/\/www.schiesser.com\"],\"url\":\"https:\/\/www.schiesser.com\/magazin\/author\/s-mama\/\"}]}<\/script>\n<!-- \/ Yoast SEO plugin. -->","yoast_head_json":{"title":"Wickelw\u00e4sche f\u00fcr Babys - SCHIESSER Magazin","description":"Die perfekte Wickelw\u00e4sche f\u00fcr Babys? Aus weicher Baumwolle sollte sie sein, mit Druckkn\u00f6pfen und in bester Qualit\u00e4t. Lesen Sie mehr im SCHIESSER-Magazin!","robots":{"index":"index","follow":"follow","max-snippet":"max-snippet:-1","max-image-preview":"max-image-preview:large","max-video-preview":"max-video-preview:-1"},"canonical":"https:\/\/www.schiesser.com\/magazin\/wickelwaesche-fuer-babys-minis-im-zwiebel-look\/","og_locale":"de_DE","og_type":"article","og_title":"Wickelw\u00e4sche f\u00fcr Babys - SCHIESSER Magazin","og_description":"Die perfekte Wickelw\u00e4sche f\u00fcr Babys? Aus weicher Baumwolle sollte sie sein, mit Druckkn\u00f6pfen und in bester Qualit\u00e4t. Lesen Sie mehr im SCHIESSER-Magazin!","og_url":"https:\/\/www.schiesser.com\/magazin\/wickelwaesche-fuer-babys-minis-im-zwiebel-look\/","og_site_name":"Schiesser","article_publisher":"https:\/\/www.facebook.com\/SCHIESSERGmbH1875","article_published_time":"2017-03-19T10:00:11+00:00","article_modified_time":"2017-09-19T14:00:02+00:00","og_image":[{"width":2480,"height":1653,"url":"https:\/\/www.schiesser.com\/magazin\/wp-content\/uploads\/Mama_Teddyw\u00e4sche.jpg","type":"image\/jpeg"}],"author":"Schiesser Mama","twitter_card":"summary_large_image","twitter_creator":"@schiessergmbh","twitter_site":"@schiessergmbh","twitter_misc":{"Verfasst von":"Schiesser Mama","Gesch\u00e4tzte Lesezeit":"3 Minuten"},"schema":{"@context":"https:\/\/schema.org","@graph":[{"@type":"Article","@id":"https:\/\/www.schiesser.com\/magazin\/wickelwaesche-fuer-babys-minis-im-zwiebel-look\/#article","isPartOf":{"@id":"https:\/\/www.schiesser.com\/magazin\/wickelwaesche-fuer-babys-minis-im-zwiebel-look\/"},"author":{"name":"Schiesser Mama","@id":"https:\/\/www.schiesser.com\/magazin\/#\/schema\/person\/576be8a06601345bce6b6937149606e7"},"headline":"Wickelw\u00e4sche f\u00fcr Babys &#8211; Minis im Zwiebel-Look","datePublished":"2017-03-19T10:00:11+00:00","dateModified":"2017-09-19T14:00:02+00:00","mainEntityOfPage":{"@id":"https:\/\/www.schiesser.com\/magazin\/wickelwaesche-fuer-babys-minis-im-zwiebel-look\/"},"wordCount":604,"commentCount":0,"publisher":{"@id":"https:\/\/www.schiesser.com\/magazin\/#organization"},"articleSection":["Ratgeber"],"inLanguage":"de-DE","potentialAction":[{"@type":"CommentAction","name":"Comment","target":["https:\/\/www.schiesser.com\/magazin\/wickelwaesche-fuer-babys-minis-im-zwiebel-look\/#respond"]}]},{"@type":"WebPage","@id":"https:\/\/www.schiesser.com\/magazin\/wickelwaesche-fuer-babys-minis-im-zwiebel-look\/","url":"https:\/\/www.schiesser.com\/magazin\/wickelwaesche-fuer-babys-minis-im-zwiebel-look\/","name":"Wickelw\u00e4sche f\u00fcr Babys - SCHIESSER Magazin","isPartOf":{"@id":"https:\/\/www.schiesser.com\/magazin\/#website"},"datePublished":"2017-03-19T10:00:11+00:00","dateModified":"2017-09-19T14:00:02+00:00","description":"Die perfekte Wickelw\u00e4sche f\u00fcr Babys? Aus weicher Baumwolle sollte sie sein, mit Druckkn\u00f6pfen und in bester Qualit\u00e4t. Lesen Sie mehr im SCHIESSER-Magazin!","breadcrumb":{"@id":"https:\/\/www.schiesser.com\/magazin\/wickelwaesche-fuer-babys-minis-im-zwiebel-look\/#breadcrumb"},"inLanguage":"de-DE","potentialAction":[{"@type":"ReadAction","target":["https:\/\/www.schiesser.com\/magazin\/wickelwaesche-fuer-babys-minis-im-zwiebel-look\/"]}]},{"@type":"BreadcrumbList","@id":"https:\/\/www.schiesser.com\/magazin\/wickelwaesche-fuer-babys-minis-im-zwiebel-look\/#breadcrumb","itemListElement":[{"@type":"ListItem","position":1,"name":"Home","item":"https:\/\/www.schiesser.com\/magazin\/"},{"@type":"ListItem","position":2,"name":"Wickelw\u00e4sche f\u00fcr Babys &#8211; Minis im Zwiebel-Look"}]},{"@type":"WebSite","@id":"https:\/\/www.schiesser.com\/magazin\/#website","url":"https:\/\/www.schiesser.com\/magazin\/","name":"Schiesser","description":"Nat\u00fcrlich. Zeitgeist. Seit 1875","publisher":{"@id":"https:\/\/www.schiesser.com\/magazin\/#organization"},"potentialAction":[{"@type":"SearchAction","target":{"@type":"EntryPoint","urlTemplate":"https:\/\/www.schiesser.com\/magazin\/?s={search_term_string}"},"query-input":"required name=search_term_string"}],"inLanguage":"de-DE"},{"@type":"Organization","@id":"https:\/\/www.schiesser.com\/magazin\/#organization","name":"Schiesser GmbH","url":"https:\/\/www.schiesser.com\/magazin\/","logo":{"@type":"ImageObject","inLanguage":"de-DE","@id":"https:\/\/www.schiesser.com\/magazin\/#\/schema\/logo\/image\/","url":"https:\/\/www.schiesser.com\/magazin\/wp-content\/uploads\/logo.png","contentUrl":"https:\/\/www.schiesser.com\/magazin\/wp-content\/uploads\/logo.png","width":245,"height":42,"caption":"Schiesser GmbH"},"image":{"@id":"https:\/\/www.schiesser.com\/magazin\/#\/schema\/logo\/image\/"},"sameAs":["https:\/\/www.facebook.com\/SCHIESSERGmbH1875","https:\/\/twitter.com\/schiessergmbh","https:\/\/www.instagram.com\/schiesser\/","https:\/\/www.pinterest.de\/schiessergmbh\/","https:\/\/www.youtube.com\/channel\/UCCe2pgIFNVcYnfvpt34fGMw"]},{"@type":"Person","@id":"https:\/\/www.schiesser.com\/magazin\/#\/schema\/person\/576be8a06601345bce6b6937149606e7","name":"Schiesser Mama","image":{"@type":"ImageObject","inLanguage":"de-DE","@id":"https:\/\/www.schiesser.com\/magazin\/#\/schema\/person\/image\/","url":"https:\/\/www.schiesser.com\/magazin\/wp-content\/uploads\/profilesr_mama-100x100.png","contentUrl":"https:\/\/www.schiesser.com\/magazin\/wp-content\/uploads\/profilesr_mama-100x100.png","caption":"Schiesser Mama"},"description":"Unsere Schiesser-Mama erz\u00e4hlt uns in heiteren Geschichten von ihrem ganz normalen, tagt\u00e4glichen Wahnsinn mit ihren beiden Kids Lotte (2 Jahre) und Otto (5 Jahre). Zwischen all dem Familienchaos, W\u00e4schebergen und ihrem Job nimmt sie sich mit ihrem Blog eine Auszeit, um Leidensgenossinnen von den kleinen und gro\u00dfen Herausforderungen zu berichten, gibt Tipps &amp; Tricks weiter und bringt uns mit ihren Anekdoten immer wieder zum Schmunzeln.","sameAs":["https:\/\/www.schiesser.com"],"url":"https:\/\/www.schiesser.com\/magazin\/author\/s-mama\/"}]}},"_links":{"self":[{"href":"https:\/\/www.schiesser.com\/magazin\/wp-json\/wp\/v2\/posts\/527"}],"collection":[{"href":"https:\/\/www.schiesser.com\/magazin\/wp-json\/wp\/v2\/posts"}],"about":[{"href":"https:\/\/www.schiesser.com\/magazin\/wp-json\/wp\/v2\/types\/post"}],"author":[{"embeddable":true,"href":"https:\/\/www.schiesser.com\/magazin\/wp-json\/wp\/v2\/users\/6"}],"replies":[{"embeddable":true,"href":"https:\/\/www.schiesser.com\/magazin\/wp-json\/wp\/v2\/comments?post=527"}],"version-history":[{"count":10,"href":"https:\/\/www.schiesser.com\/magazin\/wp-json\/wp\/v2\/posts\/527\/revisions"}],"predecessor-version":[{"id":957,"href":"https:\/\/www.schiesser.com\/magazin\/wp-json\/wp\/v2\/posts\/527\/revisions\/957"}],"wp:featuredmedia":[{"embeddable":true,"href":"https:\/\/www.schiesser.com\/magazin\/wp-json\/wp\/v2\/media\/701"}],"wp:attachment":[{"href":"https:\/\/www.schiesser.com\/magazin\/wp-json\/wp\/v2\/media?parent=527"}],"wp:term":[{"taxonomy":"category","embeddable":true,"href":"https:\/\/www.schiesser.com\/magazin\/wp-json\/wp\/v2\/categories?post=527"},{"taxonomy":"post_tag","embeddable":true,"href":"https:\/\/www.schiesser.com\/magazin\/wp-json\/wp\/v2\/tags?post=527"}],"curies":[{"name":"wp","href":"https:\/\/api.w.org\/{rel}","templated":true}]}}