{"id":5486,"date":"2022-03-23T09:02:00","date_gmt":"2022-03-23T08:02:00","guid":{"rendered":"https:\/\/www.schiesser.com\/magazin\/?p=5486"},"modified":"2022-07-04T15:08:23","modified_gmt":"2022-07-04T13:08:23","slug":"waesche-liebling-im-fruehling-pastellfarben","status":"publish","type":"post","link":"https:\/\/www.schiesser.com\/magazin\/waesche-liebling-im-fruehling-pastellfarben\/","title":{"rendered":"Pastellfarben:"},"content":{"rendered":"\n<h2>Styletrend im Fr\u00fchling<\/h2>\n\n\n\n<p>Unsere Kunden sind sich einig: ein Fr\u00fchjahr ohne Pastellfarben ist nicht denkbar! Warum auch wir unsere W\u00e4sche so in den zarten T\u00f6nen lieben? Weil sie einfach beste Laune zaubern!<\/p>\n\n\n\n<!--more-->\n\n\n\n<div style=\"height:30px\" aria-hidden=\"true\" class=\"wp-block-spacer\"><\/div>\n\n\n\n<div class=\"wp-block-image\"><figure class=\"aligncenter size-large\"><img decoding=\"async\" width=\"400\" height=\"600\" src=\"https:\/\/www.schiesser.com\/magazin\/wp-content\/uploads\/SCHIESSER_spring_summer_2022_original_REV_COUPLE_KF22_177115_177107_177127_2_31.05.2024_v1.jpg\" alt=\"\" class=\"wp-image-5487\" srcset=\"https:\/\/www.schiesser.com\/magazin\/wp-content\/uploads\/SCHIESSER_spring_summer_2022_original_REV_COUPLE_KF22_177115_177107_177127_2_31.05.2024_v1.jpg 400w, https:\/\/www.schiesser.com\/magazin\/wp-content\/uploads\/SCHIESSER_spring_summer_2022_original_REV_COUPLE_KF22_177115_177107_177127_2_31.05.2024_v1-200x300.jpg 200w, https:\/\/www.schiesser.com\/magazin\/wp-content\/uploads\/SCHIESSER_spring_summer_2022_original_REV_COUPLE_KF22_177115_177107_177127_2_31.05.2024_v1-127x190.jpg 127w, https:\/\/www.schiesser.com\/magazin\/wp-content\/uploads\/SCHIESSER_spring_summer_2022_original_REV_COUPLE_KF22_177115_177107_177127_2_31.05.2024_v1-267x400.jpg 267w, https:\/\/www.schiesser.com\/magazin\/wp-content\/uploads\/SCHIESSER_spring_summer_2022_original_REV_COUPLE_KF22_177115_177107_177127_2_31.05.2024_v1-100x150.jpg 100w, https:\/\/www.schiesser.com\/magazin\/wp-content\/uploads\/SCHIESSER_spring_summer_2022_original_REV_COUPLE_KF22_177115_177107_177127_2_31.05.2024_v1-150x225.jpg 150w, https:\/\/www.schiesser.com\/magazin\/wp-content\/uploads\/SCHIESSER_spring_summer_2022_original_REV_COUPLE_KF22_177115_177107_177127_2_31.05.2024_v1-300x450.jpg 300w\" sizes=\"(max-width: 400px) 100vw, 400px\" \/><\/figure><\/div>\n\n\n\n<div style=\"height:30px\" aria-hidden=\"true\" class=\"wp-block-spacer\"><\/div>\n\n\n\n<h3>Bye bye Winter, welcome Spring! <\/h3>\n\n\n\n<p>Nach so vielen kalten Wochen und grauem Himmel haben wir uns alle danach gesehnt &#8211; der Fr\u00fchling ist endlich da! Und mit ihm sprie\u00dfen \u00fcberall die ersten Blumen und Bl\u00e4tter in der Natur. Die zarten T\u00f6ne an \u00c4sten und Str\u00e4uchern sind f\u00fcr uns der Inbegriff an Leben. Und ein wenig ist es so, als ob auch der Mensch aus dem Winterschlaf erwacht und die Lebensgeister erstmal wieder in Gang kommen. <\/p>\n\n\n\n<p>Kein Wunder also, dass auch wir die Farben des Winters im Schrank lassen und die Fr\u00fchlingst\u00f6ne herausholen: zartes Lila, Vanille-Gelb, helles Blau oder Lindgr\u00fcn haben jetzt Saison &#8211; ganz gleich, ob in der Oberbekleidung oder in der Unterw\u00e4sche! <\/p>\n\n\n\n<div style=\"height:30px\" aria-hidden=\"true\" class=\"wp-block-spacer\"><\/div>\n\n\n\n<figure class=\"is-layout-flex wp-block-gallery-1 wp-block-gallery columns-3 is-cropped\"><ul class=\"blocks-gallery-grid\"><li class=\"blocks-gallery-item\"><figure><img decoding=\"async\" width=\"706\" height=\"1024\" src=\"https:\/\/www.schiesser.com\/magazin\/wp-content\/uploads\/Bildschirmfoto-2022-03-22-um-14.14.46-706x1024.png\" alt=\"\" data-id=\"5488\" data-link=\"https:\/\/www.schiesser.com\/magazin\/?attachment_id=5488\" class=\"wp-image-5488\" srcset=\"https:\/\/www.schiesser.com\/magazin\/wp-content\/uploads\/Bildschirmfoto-2022-03-22-um-14.14.46-706x1024.png 706w, https:\/\/www.schiesser.com\/magazin\/wp-content\/uploads\/Bildschirmfoto-2022-03-22-um-14.14.46-207x300.png 207w, https:\/\/www.schiesser.com\/magazin\/wp-content\/uploads\/Bildschirmfoto-2022-03-22-um-14.14.46-768x1114.png 768w, https:\/\/www.schiesser.com\/magazin\/wp-content\/uploads\/Bildschirmfoto-2022-03-22-um-14.14.46-131x190.png 131w, https:\/\/www.schiesser.com\/magazin\/wp-content\/uploads\/Bildschirmfoto-2022-03-22-um-14.14.46-276x400.png 276w, https:\/\/www.schiesser.com\/magazin\/wp-content\/uploads\/Bildschirmfoto-2022-03-22-um-14.14.46-600x870.png 600w, https:\/\/www.schiesser.com\/magazin\/wp-content\/uploads\/Bildschirmfoto-2022-03-22-um-14.14.46-100x145.png 100w, https:\/\/www.schiesser.com\/magazin\/wp-content\/uploads\/Bildschirmfoto-2022-03-22-um-14.14.46-150x218.png 150w, https:\/\/www.schiesser.com\/magazin\/wp-content\/uploads\/Bildschirmfoto-2022-03-22-um-14.14.46-200x290.png 200w, https:\/\/www.schiesser.com\/magazin\/wp-content\/uploads\/Bildschirmfoto-2022-03-22-um-14.14.46-300x435.png 300w, https:\/\/www.schiesser.com\/magazin\/wp-content\/uploads\/Bildschirmfoto-2022-03-22-um-14.14.46-450x653.png 450w, https:\/\/www.schiesser.com\/magazin\/wp-content\/uploads\/Bildschirmfoto-2022-03-22-um-14.14.46-900x1305.png 900w, https:\/\/www.schiesser.com\/magazin\/wp-content\/uploads\/Bildschirmfoto-2022-03-22-um-14.14.46.png 968w\" sizes=\"(max-width: 706px) 100vw, 706px\" \/><\/figure><\/li><li class=\"blocks-gallery-item\"><figure><img decoding=\"async\" width=\"714\" height=\"1024\" src=\"https:\/\/www.schiesser.com\/magazin\/wp-content\/uploads\/Bildschirmfoto-2022-03-22-um-14.13.52-714x1024.png\" alt=\"\" data-id=\"5489\" data-link=\"https:\/\/www.schiesser.com\/magazin\/?attachment_id=5489\" class=\"wp-image-5489\" srcset=\"https:\/\/www.schiesser.com\/magazin\/wp-content\/uploads\/Bildschirmfoto-2022-03-22-um-14.13.52-714x1024.png 714w, https:\/\/www.schiesser.com\/magazin\/wp-content\/uploads\/Bildschirmfoto-2022-03-22-um-14.13.52-209x300.png 209w, https:\/\/www.schiesser.com\/magazin\/wp-content\/uploads\/Bildschirmfoto-2022-03-22-um-14.13.52-768x1102.png 768w, https:\/\/www.schiesser.com\/magazin\/wp-content\/uploads\/Bildschirmfoto-2022-03-22-um-14.13.52-132x190.png 132w, https:\/\/www.schiesser.com\/magazin\/wp-content\/uploads\/Bildschirmfoto-2022-03-22-um-14.13.52-279x400.png 279w, https:\/\/www.schiesser.com\/magazin\/wp-content\/uploads\/Bildschirmfoto-2022-03-22-um-14.13.52-600x861.png 600w, https:\/\/www.schiesser.com\/magazin\/wp-content\/uploads\/Bildschirmfoto-2022-03-22-um-14.13.52-100x143.png 100w, https:\/\/www.schiesser.com\/magazin\/wp-content\/uploads\/Bildschirmfoto-2022-03-22-um-14.13.52-150x215.png 150w, https:\/\/www.schiesser.com\/magazin\/wp-content\/uploads\/Bildschirmfoto-2022-03-22-um-14.13.52-200x287.png 200w, https:\/\/www.schiesser.com\/magazin\/wp-content\/uploads\/Bildschirmfoto-2022-03-22-um-14.13.52-300x430.png 300w, https:\/\/www.schiesser.com\/magazin\/wp-content\/uploads\/Bildschirmfoto-2022-03-22-um-14.13.52-450x646.png 450w, https:\/\/www.schiesser.com\/magazin\/wp-content\/uploads\/Bildschirmfoto-2022-03-22-um-14.13.52-900x1291.png 900w, https:\/\/www.schiesser.com\/magazin\/wp-content\/uploads\/Bildschirmfoto-2022-03-22-um-14.13.52.png 980w\" sizes=\"(max-width: 714px) 100vw, 714px\" \/><\/figure><\/li><li class=\"blocks-gallery-item\"><figure><img decoding=\"async\" width=\"705\" height=\"1024\" src=\"https:\/\/www.schiesser.com\/magazin\/wp-content\/uploads\/Bildschirmfoto-2022-03-22-um-14.25.30-705x1024.png\" alt=\"\" data-id=\"5497\" data-full-url=\"https:\/\/www.schiesser.com\/magazin\/wp-content\/uploads\/Bildschirmfoto-2022-03-22-um-14.25.30.png\" data-link=\"https:\/\/www.schiesser.com\/magazin\/?attachment_id=5497\" class=\"wp-image-5497\" srcset=\"https:\/\/www.schiesser.com\/magazin\/wp-content\/uploads\/Bildschirmfoto-2022-03-22-um-14.25.30-705x1024.png 705w, https:\/\/www.schiesser.com\/magazin\/wp-content\/uploads\/Bildschirmfoto-2022-03-22-um-14.25.30-206x300.png 206w, https:\/\/www.schiesser.com\/magazin\/wp-content\/uploads\/Bildschirmfoto-2022-03-22-um-14.25.30-768x1116.png 768w, https:\/\/www.schiesser.com\/magazin\/wp-content\/uploads\/Bildschirmfoto-2022-03-22-um-14.25.30-131x190.png 131w, https:\/\/www.schiesser.com\/magazin\/wp-content\/uploads\/Bildschirmfoto-2022-03-22-um-14.25.30-275x400.png 275w, https:\/\/www.schiesser.com\/magazin\/wp-content\/uploads\/Bildschirmfoto-2022-03-22-um-14.25.30-600x872.png 600w, https:\/\/www.schiesser.com\/magazin\/wp-content\/uploads\/Bildschirmfoto-2022-03-22-um-14.25.30-100x145.png 100w, https:\/\/www.schiesser.com\/magazin\/wp-content\/uploads\/Bildschirmfoto-2022-03-22-um-14.25.30-150x218.png 150w, https:\/\/www.schiesser.com\/magazin\/wp-content\/uploads\/Bildschirmfoto-2022-03-22-um-14.25.30-200x291.png 200w, https:\/\/www.schiesser.com\/magazin\/wp-content\/uploads\/Bildschirmfoto-2022-03-22-um-14.25.30-300x436.png 300w, https:\/\/www.schiesser.com\/magazin\/wp-content\/uploads\/Bildschirmfoto-2022-03-22-um-14.25.30-450x654.png 450w, https:\/\/www.schiesser.com\/magazin\/wp-content\/uploads\/Bildschirmfoto-2022-03-22-um-14.25.30.png 892w\" sizes=\"(max-width: 705px) 100vw, 705px\" \/><\/figure><\/li><li class=\"blocks-gallery-item\"><figure><img decoding=\"async\" width=\"708\" height=\"1024\" src=\"https:\/\/www.schiesser.com\/magazin\/wp-content\/uploads\/Bildschirmfoto-2022-03-22-um-14.12.50-708x1024.png\" alt=\"\" data-id=\"5490\" data-link=\"https:\/\/www.schiesser.com\/magazin\/?attachment_id=5490\" class=\"wp-image-5490\" srcset=\"https:\/\/www.schiesser.com\/magazin\/wp-content\/uploads\/Bildschirmfoto-2022-03-22-um-14.12.50-708x1024.png 708w, https:\/\/www.schiesser.com\/magazin\/wp-content\/uploads\/Bildschirmfoto-2022-03-22-um-14.12.50-207x300.png 207w, https:\/\/www.schiesser.com\/magazin\/wp-content\/uploads\/Bildschirmfoto-2022-03-22-um-14.12.50-768x1111.png 768w, https:\/\/www.schiesser.com\/magazin\/wp-content\/uploads\/Bildschirmfoto-2022-03-22-um-14.12.50-131x190.png 131w, https:\/\/www.schiesser.com\/magazin\/wp-content\/uploads\/Bildschirmfoto-2022-03-22-um-14.12.50-277x400.png 277w, https:\/\/www.schiesser.com\/magazin\/wp-content\/uploads\/Bildschirmfoto-2022-03-22-um-14.12.50-600x868.png 600w, https:\/\/www.schiesser.com\/magazin\/wp-content\/uploads\/Bildschirmfoto-2022-03-22-um-14.12.50-100x145.png 100w, https:\/\/www.schiesser.com\/magazin\/wp-content\/uploads\/Bildschirmfoto-2022-03-22-um-14.12.50-150x217.png 150w, https:\/\/www.schiesser.com\/magazin\/wp-content\/uploads\/Bildschirmfoto-2022-03-22-um-14.12.50-200x289.png 200w, https:\/\/www.schiesser.com\/magazin\/wp-content\/uploads\/Bildschirmfoto-2022-03-22-um-14.12.50-300x434.png 300w, https:\/\/www.schiesser.com\/magazin\/wp-content\/uploads\/Bildschirmfoto-2022-03-22-um-14.12.50-450x651.png 450w, https:\/\/www.schiesser.com\/magazin\/wp-content\/uploads\/Bildschirmfoto-2022-03-22-um-14.12.50-900x1302.png 900w, https:\/\/www.schiesser.com\/magazin\/wp-content\/uploads\/Bildschirmfoto-2022-03-22-um-14.12.50.png 972w\" sizes=\"(max-width: 708px) 100vw, 708px\" \/><\/figure><\/li><li class=\"blocks-gallery-item\"><figure><img decoding=\"async\" width=\"704\" height=\"1024\" src=\"https:\/\/www.schiesser.com\/magazin\/wp-content\/uploads\/Bildschirmfoto-2022-03-22-um-14.24.00-704x1024.png\" alt=\"\" data-id=\"5500\" data-full-url=\"https:\/\/www.schiesser.com\/magazin\/wp-content\/uploads\/Bildschirmfoto-2022-03-22-um-14.24.00.png\" data-link=\"https:\/\/www.schiesser.com\/magazin\/?attachment_id=5500\" class=\"wp-image-5500\" srcset=\"https:\/\/www.schiesser.com\/magazin\/wp-content\/uploads\/Bildschirmfoto-2022-03-22-um-14.24.00-704x1024.png 704w, https:\/\/www.schiesser.com\/magazin\/wp-content\/uploads\/Bildschirmfoto-2022-03-22-um-14.24.00-206x300.png 206w, https:\/\/www.schiesser.com\/magazin\/wp-content\/uploads\/Bildschirmfoto-2022-03-22-um-14.24.00-768x1117.png 768w, https:\/\/www.schiesser.com\/magazin\/wp-content\/uploads\/Bildschirmfoto-2022-03-22-um-14.24.00-131x190.png 131w, https:\/\/www.schiesser.com\/magazin\/wp-content\/uploads\/Bildschirmfoto-2022-03-22-um-14.24.00-275x400.png 275w, https:\/\/www.schiesser.com\/magazin\/wp-content\/uploads\/Bildschirmfoto-2022-03-22-um-14.24.00-600x872.png 600w, https:\/\/www.schiesser.com\/magazin\/wp-content\/uploads\/Bildschirmfoto-2022-03-22-um-14.24.00-100x145.png 100w, https:\/\/www.schiesser.com\/magazin\/wp-content\/uploads\/Bildschirmfoto-2022-03-22-um-14.24.00-150x218.png 150w, https:\/\/www.schiesser.com\/magazin\/wp-content\/uploads\/Bildschirmfoto-2022-03-22-um-14.24.00-200x291.png 200w, https:\/\/www.schiesser.com\/magazin\/wp-content\/uploads\/Bildschirmfoto-2022-03-22-um-14.24.00-300x436.png 300w, https:\/\/www.schiesser.com\/magazin\/wp-content\/uploads\/Bildschirmfoto-2022-03-22-um-14.24.00-450x654.png 450w, https:\/\/www.schiesser.com\/magazin\/wp-content\/uploads\/Bildschirmfoto-2022-03-22-um-14.24.00.png 890w\" sizes=\"(max-width: 704px) 100vw, 704px\" \/><\/figure><\/li><\/ul><\/figure>\n\n\n\n<div style=\"height:30px\" aria-hidden=\"true\" class=\"wp-block-spacer\"><\/div>\n\n\n\n<h3>Was sind eigentlich Pastellfarben? <\/h3>\n\n\n\n<p>In der Farbenlehre bezeichnet man Pastellfarben als Farbt\u00f6ne mit einem hohen Wei\u00dfanteil. Durch die gro\u00dfe Anzahl an hellen Farbpartikeln wirken die T\u00f6ne pudrig und dadurch sehr weich. Das unaufgeregte, ruhige Farbbild versetzt uns in eine harmonische, entspannte Stimmung. Wir f\u00fchlen uns gl\u00fccklich, ausgeglichen und leicht &#8211; das perfekte Fr\u00fchlingsgef\u00fchl also! <\/p>\n\n\n\n<div style=\"height:30px\" aria-hidden=\"true\" class=\"wp-block-spacer\"><\/div>\n\n\n\n<div class=\"wp-block-image\"><figure class=\"aligncenter size-large\"><img decoding=\"async\" width=\"400\" height=\"600\" src=\"https:\/\/www.schiesser.com\/magazin\/wp-content\/uploads\/SCHIESSER_spring_summer_2022_original_SR_DA_KF22_176941_31.05.2024_RGB.jpg\" alt=\"\" class=\"wp-image-5501\" srcset=\"https:\/\/www.schiesser.com\/magazin\/wp-content\/uploads\/SCHIESSER_spring_summer_2022_original_SR_DA_KF22_176941_31.05.2024_RGB.jpg 400w, https:\/\/www.schiesser.com\/magazin\/wp-content\/uploads\/SCHIESSER_spring_summer_2022_original_SR_DA_KF22_176941_31.05.2024_RGB-200x300.jpg 200w, https:\/\/www.schiesser.com\/magazin\/wp-content\/uploads\/SCHIESSER_spring_summer_2022_original_SR_DA_KF22_176941_31.05.2024_RGB-127x190.jpg 127w, https:\/\/www.schiesser.com\/magazin\/wp-content\/uploads\/SCHIESSER_spring_summer_2022_original_SR_DA_KF22_176941_31.05.2024_RGB-267x400.jpg 267w, https:\/\/www.schiesser.com\/magazin\/wp-content\/uploads\/SCHIESSER_spring_summer_2022_original_SR_DA_KF22_176941_31.05.2024_RGB-100x150.jpg 100w, https:\/\/www.schiesser.com\/magazin\/wp-content\/uploads\/SCHIESSER_spring_summer_2022_original_SR_DA_KF22_176941_31.05.2024_RGB-150x225.jpg 150w, https:\/\/www.schiesser.com\/magazin\/wp-content\/uploads\/SCHIESSER_spring_summer_2022_original_SR_DA_KF22_176941_31.05.2024_RGB-300x450.jpg 300w\" sizes=\"(max-width: 400px) 100vw, 400px\" \/><\/figure><\/div>\n\n\n\n<div style=\"height:30px\" aria-hidden=\"true\" class=\"wp-block-spacer\"><\/div>\n\n\n\n<h3>Wie kombiniert man Pastellfarben? <\/h3>\n\n\n\n<p>Ton-in-Ton &#8211; damit liegen Sie bei Pastellfarben in diesem Fr\u00fchjahr genau richtig! Wer es ein wenig mutiger liebt, darf Vanille-Gelb oder pudriges Flieder aber auch mit kr\u00e4ftigen Farben tragen: poppiges Orange oder knalliges Pink machen aus jedem Pastell-Look einen absoluten Hingucker! <\/p>\n\n\n\n<p>Auch Muster funktionieren gut: W\u00e4hlen Sie beispielsweise ein <a href=\"https:\/\/www.schiesser.com\/damenbekleidung-nachtwaesche-shirts-shirt-langarm-modal-v-ausschnitt-flieder-mix-relax.html?listtype=search&amp;searchparam=shirt%20langarm%20lila\" target=\"_blank\" rel=\"noreferrer noopener\">Uni-Oberteil <\/a>und dazu eine <a href=\"https:\/\/www.schiesser.com\/damenbekleidung-nachtwaesche-hosen-hose-lang-modal-taschen-blumenprint-mehrfarbig-mix-relax.html\" target=\"_blank\" rel=\"noreferrer noopener\">gemusterte Hose<\/a> mit dem gleichen Ton des Shirts &#8211; schon zaubern Sie ein fr\u00fchlingsfrisches Outfit zusammen! <\/p>\n\n\n\n<div style=\"height:20px\" aria-hidden=\"true\" class=\"wp-block-spacer\"><\/div>\n\n\n\n<div class=\"wp-block-image\"><figure class=\"aligncenter size-large\"><img decoding=\"async\" width=\"709\" height=\"1024\" src=\"https:\/\/www.schiesser.com\/magazin\/wp-content\/uploads\/Bildschirmfoto-2022-03-22-um-14.11.48-709x1024.png\" alt=\"\" class=\"wp-image-5491\" srcset=\"https:\/\/www.schiesser.com\/magazin\/wp-content\/uploads\/Bildschirmfoto-2022-03-22-um-14.11.48-709x1024.png 709w, https:\/\/www.schiesser.com\/magazin\/wp-content\/uploads\/Bildschirmfoto-2022-03-22-um-14.11.48-208x300.png 208w, https:\/\/www.schiesser.com\/magazin\/wp-content\/uploads\/Bildschirmfoto-2022-03-22-um-14.11.48-768x1109.png 768w, https:\/\/www.schiesser.com\/magazin\/wp-content\/uploads\/Bildschirmfoto-2022-03-22-um-14.11.48-132x190.png 132w, https:\/\/www.schiesser.com\/magazin\/wp-content\/uploads\/Bildschirmfoto-2022-03-22-um-14.11.48-277x400.png 277w, https:\/\/www.schiesser.com\/magazin\/wp-content\/uploads\/Bildschirmfoto-2022-03-22-um-14.11.48-600x866.png 600w, https:\/\/www.schiesser.com\/magazin\/wp-content\/uploads\/Bildschirmfoto-2022-03-22-um-14.11.48-100x144.png 100w, https:\/\/www.schiesser.com\/magazin\/wp-content\/uploads\/Bildschirmfoto-2022-03-22-um-14.11.48-150x217.png 150w, https:\/\/www.schiesser.com\/magazin\/wp-content\/uploads\/Bildschirmfoto-2022-03-22-um-14.11.48-200x289.png 200w, https:\/\/www.schiesser.com\/magazin\/wp-content\/uploads\/Bildschirmfoto-2022-03-22-um-14.11.48-300x433.png 300w, https:\/\/www.schiesser.com\/magazin\/wp-content\/uploads\/Bildschirmfoto-2022-03-22-um-14.11.48-450x650.png 450w, https:\/\/www.schiesser.com\/magazin\/wp-content\/uploads\/Bildschirmfoto-2022-03-22-um-14.11.48-900x1299.png 900w, https:\/\/www.schiesser.com\/magazin\/wp-content\/uploads\/Bildschirmfoto-2022-03-22-um-14.11.48.png 974w\" sizes=\"(max-width: 709px) 100vw, 709px\" \/><\/figure><\/div>\n\n\n\n<p>Wenn auch Sie Lust auf wundersch\u00f6ne Pastellfarben haben, schauen Sie gleich rein in den SCHIESSER-Onlineshop! Sie finden hier f\u00fcr Damen und Herren fr\u00fchlingsfrische Looks, die einfach gute Laune bringen! <\/p>\n\n\n\n<div style=\"height:20px\" aria-hidden=\"true\" class=\"wp-block-spacer\"><\/div>\n\n\n\n<div class=\"cta-container\" class=\"wp-block-gutenberg-call-to-action-call-to-action-block\"><a href=\"https:\/\/www.schiesser.com\/?ref=link_logo_home\" style=\"color:black;border-radius:undefinedpx;background-color:Gray;padding:10px;font-size:undefinedpx;text-decoration:none\">Jetzt Pastellfarben shoppen! <\/a><\/div>\n","protected":false},"excerpt":{"rendered":"<p>Styletrend im Fr\u00fchling Unsere Kunden sind sich einig: ein Fr\u00fchjahr ohne Pastellfarben ist nicht denkbar! Warum auch wir unsere W\u00e4sche so in den zarten T\u00f6nen lieben? Weil sie einfach beste Laune zaubern!<\/p>\n","protected":false},"author":17,"featured_media":5487,"comment_status":"open","ping_status":"open","sticky":false,"template":"","format":"standard","meta":[],"categories":[1],"tags":[],"yoast_head":"<!-- This site is optimized with the Yoast SEO plugin v20.2 - https:\/\/yoast.com\/wordpress\/plugins\/seo\/ -->\n<title>Pastellfarben: - Schiesser Magazin<\/title>\n<meta name=\"description\" content=\"Pastellfarben sind der Hit im Fr\u00fchjahr! Warum wir Lindgr\u00fcn und Vanillegelb so lieben, lesen Sie im SCHIESSER-Magazin!\" \/>\n<meta name=\"robots\" content=\"index, follow, max-snippet:-1, max-image-preview:large, max-video-preview:-1\" \/>\n<link rel=\"canonical\" href=\"https:\/\/www.schiesser.com\/magazin\/waesche-liebling-im-fruehling-pastellfarben\/\" \/>\n<meta property=\"og:locale\" content=\"de_DE\" \/>\n<meta property=\"og:type\" content=\"article\" \/>\n<meta property=\"og:title\" content=\"Pastellfarben: - Schiesser Magazin\" \/>\n<meta property=\"og:description\" content=\"Pastellfarben sind der Hit im Fr\u00fchjahr! Warum wir Lindgr\u00fcn und Vanillegelb so lieben, lesen Sie im SCHIESSER-Magazin!\" \/>\n<meta property=\"og:url\" content=\"https:\/\/www.schiesser.com\/magazin\/waesche-liebling-im-fruehling-pastellfarben\/\" \/>\n<meta property=\"og:site_name\" content=\"Schiesser\" \/>\n<meta property=\"article:publisher\" content=\"https:\/\/www.facebook.com\/SCHIESSERGmbH1875\" \/>\n<meta property=\"article:published_time\" content=\"2022-03-23T08:02:00+00:00\" \/>\n<meta property=\"article:modified_time\" content=\"2022-07-04T13:08:23+00:00\" \/>\n<meta property=\"og:image\" content=\"https:\/\/www.schiesser.com\/magazin\/wp-content\/uploads\/SCHIESSER_spring_summer_2022_original_REV_COUPLE_KF22_177115_177107_177127_2_31.05.2024_v1.jpg\" \/>\n\t<meta property=\"og:image:width\" content=\"400\" \/>\n\t<meta property=\"og:image:height\" content=\"600\" \/>\n\t<meta property=\"og:image:type\" content=\"image\/jpeg\" \/>\n<meta name=\"author\" content=\"SCHIESSER AG\" \/>\n<meta name=\"twitter:card\" content=\"summary_large_image\" \/>\n<meta name=\"twitter:creator\" content=\"@schiessergmbh\" \/>\n<meta name=\"twitter:site\" content=\"@schiessergmbh\" \/>\n<meta name=\"twitter:label1\" content=\"Verfasst von\" \/>\n\t<meta name=\"twitter:data1\" content=\"SCHIESSER AG\" \/>\n\t<meta name=\"twitter:label2\" content=\"Gesch\u00e4tzte Lesezeit\" \/>\n\t<meta name=\"twitter:data2\" content=\"3 Minuten\" \/>\n<script type=\"application\/ld+json\" class=\"yoast-schema-graph\">{\"@context\":\"https:\/\/schema.org\",\"@graph\":[{\"@type\":\"Article\",\"@id\":\"https:\/\/www.schiesser.com\/magazin\/waesche-liebling-im-fruehling-pastellfarben\/#article\",\"isPartOf\":{\"@id\":\"https:\/\/www.schiesser.com\/magazin\/waesche-liebling-im-fruehling-pastellfarben\/\"},\"author\":{\"name\":\"SCHIESSER AG\",\"@id\":\"https:\/\/www.schiesser.com\/magazin\/#\/schema\/person\/f75b44d14aab6b40c25a59671a4bee66\"},\"headline\":\"Pastellfarben:\",\"datePublished\":\"2022-03-23T08:02:00+00:00\",\"dateModified\":\"2022-07-04T13:08:23+00:00\",\"mainEntityOfPage\":{\"@id\":\"https:\/\/www.schiesser.com\/magazin\/waesche-liebling-im-fruehling-pastellfarben\/\"},\"wordCount\":334,\"commentCount\":0,\"publisher\":{\"@id\":\"https:\/\/www.schiesser.com\/magazin\/#organization\"},\"articleSection\":[\"Aktuelles\"],\"inLanguage\":\"de-DE\",\"potentialAction\":[{\"@type\":\"CommentAction\",\"name\":\"Comment\",\"target\":[\"https:\/\/www.schiesser.com\/magazin\/waesche-liebling-im-fruehling-pastellfarben\/#respond\"]}]},{\"@type\":\"WebPage\",\"@id\":\"https:\/\/www.schiesser.com\/magazin\/waesche-liebling-im-fruehling-pastellfarben\/\",\"url\":\"https:\/\/www.schiesser.com\/magazin\/waesche-liebling-im-fruehling-pastellfarben\/\",\"name\":\"Pastellfarben: - Schiesser Magazin\",\"isPartOf\":{\"@id\":\"https:\/\/www.schiesser.com\/magazin\/#website\"},\"datePublished\":\"2022-03-23T08:02:00+00:00\",\"dateModified\":\"2022-07-04T13:08:23+00:00\",\"description\":\"Pastellfarben sind der Hit im Fr\u00fchjahr! Warum wir Lindgr\u00fcn und Vanillegelb so lieben, lesen Sie im SCHIESSER-Magazin!\",\"breadcrumb\":{\"@id\":\"https:\/\/www.schiesser.com\/magazin\/waesche-liebling-im-fruehling-pastellfarben\/#breadcrumb\"},\"inLanguage\":\"de-DE\",\"potentialAction\":[{\"@type\":\"ReadAction\",\"target\":[\"https:\/\/www.schiesser.com\/magazin\/waesche-liebling-im-fruehling-pastellfarben\/\"]}]},{\"@type\":\"BreadcrumbList\",\"@id\":\"https:\/\/www.schiesser.com\/magazin\/waesche-liebling-im-fruehling-pastellfarben\/#breadcrumb\",\"itemListElement\":[{\"@type\":\"ListItem\",\"position\":1,\"name\":\"Home\",\"item\":\"https:\/\/www.schiesser.com\/magazin\/\"},{\"@type\":\"ListItem\",\"position\":2,\"name\":\"Pastellfarben:\"}]},{\"@type\":\"WebSite\",\"@id\":\"https:\/\/www.schiesser.com\/magazin\/#website\",\"url\":\"https:\/\/www.schiesser.com\/magazin\/\",\"name\":\"Schiesser\",\"description\":\"Nat\u00fcrlich. Zeitgeist. Seit 1875\",\"publisher\":{\"@id\":\"https:\/\/www.schiesser.com\/magazin\/#organization\"},\"potentialAction\":[{\"@type\":\"SearchAction\",\"target\":{\"@type\":\"EntryPoint\",\"urlTemplate\":\"https:\/\/www.schiesser.com\/magazin\/?s={search_term_string}\"},\"query-input\":\"required name=search_term_string\"}],\"inLanguage\":\"de-DE\"},{\"@type\":\"Organization\",\"@id\":\"https:\/\/www.schiesser.com\/magazin\/#organization\",\"name\":\"Schiesser GmbH\",\"url\":\"https:\/\/www.schiesser.com\/magazin\/\",\"logo\":{\"@type\":\"ImageObject\",\"inLanguage\":\"de-DE\",\"@id\":\"https:\/\/www.schiesser.com\/magazin\/#\/schema\/logo\/image\/\",\"url\":\"https:\/\/www.schiesser.com\/magazin\/wp-content\/uploads\/logo.png\",\"contentUrl\":\"https:\/\/www.schiesser.com\/magazin\/wp-content\/uploads\/logo.png\",\"width\":245,\"height\":42,\"caption\":\"Schiesser GmbH\"},\"image\":{\"@id\":\"https:\/\/www.schiesser.com\/magazin\/#\/schema\/logo\/image\/\"},\"sameAs\":[\"https:\/\/www.facebook.com\/SCHIESSERGmbH1875\",\"https:\/\/twitter.com\/schiessergmbh\",\"https:\/\/www.instagram.com\/schiesser\/\",\"https:\/\/www.pinterest.de\/schiessergmbh\/\",\"https:\/\/www.youtube.com\/channel\/UCCe2pgIFNVcYnfvpt34fGMw\"]},{\"@type\":\"Person\",\"@id\":\"https:\/\/www.schiesser.com\/magazin\/#\/schema\/person\/f75b44d14aab6b40c25a59671a4bee66\",\"name\":\"SCHIESSER AG\",\"image\":{\"@type\":\"ImageObject\",\"inLanguage\":\"de-DE\",\"@id\":\"https:\/\/www.schiesser.com\/magazin\/#\/schema\/person\/image\/\",\"url\":\"https:\/\/www.schiesser.com\/magazin\/wp-content\/uploads\/Grosses-S-100x100.png\",\"contentUrl\":\"https:\/\/www.schiesser.com\/magazin\/wp-content\/uploads\/Grosses-S-100x100.png\",\"caption\":\"SCHIESSER AG\"},\"url\":\"https:\/\/www.schiesser.com\/magazin\/author\/c-tuebbergen\/\"}]}<\/script>\n<!-- \/ Yoast SEO plugin. -->","yoast_head_json":{"title":"Pastellfarben: - Schiesser Magazin","description":"Pastellfarben sind der Hit im Fr\u00fchjahr! Warum wir Lindgr\u00fcn und Vanillegelb so lieben, lesen Sie im SCHIESSER-Magazin!","robots":{"index":"index","follow":"follow","max-snippet":"max-snippet:-1","max-image-preview":"max-image-preview:large","max-video-preview":"max-video-preview:-1"},"canonical":"https:\/\/www.schiesser.com\/magazin\/waesche-liebling-im-fruehling-pastellfarben\/","og_locale":"de_DE","og_type":"article","og_title":"Pastellfarben: - Schiesser Magazin","og_description":"Pastellfarben sind der Hit im Fr\u00fchjahr! Warum wir Lindgr\u00fcn und Vanillegelb so lieben, lesen Sie im SCHIESSER-Magazin!","og_url":"https:\/\/www.schiesser.com\/magazin\/waesche-liebling-im-fruehling-pastellfarben\/","og_site_name":"Schiesser","article_publisher":"https:\/\/www.facebook.com\/SCHIESSERGmbH1875","article_published_time":"2022-03-23T08:02:00+00:00","article_modified_time":"2022-07-04T13:08:23+00:00","og_image":[{"width":400,"height":600,"url":"https:\/\/www.schiesser.com\/magazin\/wp-content\/uploads\/SCHIESSER_spring_summer_2022_original_REV_COUPLE_KF22_177115_177107_177127_2_31.05.2024_v1.jpg","type":"image\/jpeg"}],"author":"SCHIESSER AG","twitter_card":"summary_large_image","twitter_creator":"@schiessergmbh","twitter_site":"@schiessergmbh","twitter_misc":{"Verfasst von":"SCHIESSER AG","Gesch\u00e4tzte Lesezeit":"3 Minuten"},"schema":{"@context":"https:\/\/schema.org","@graph":[{"@type":"Article","@id":"https:\/\/www.schiesser.com\/magazin\/waesche-liebling-im-fruehling-pastellfarben\/#article","isPartOf":{"@id":"https:\/\/www.schiesser.com\/magazin\/waesche-liebling-im-fruehling-pastellfarben\/"},"author":{"name":"SCHIESSER AG","@id":"https:\/\/www.schiesser.com\/magazin\/#\/schema\/person\/f75b44d14aab6b40c25a59671a4bee66"},"headline":"Pastellfarben:","datePublished":"2022-03-23T08:02:00+00:00","dateModified":"2022-07-04T13:08:23+00:00","mainEntityOfPage":{"@id":"https:\/\/www.schiesser.com\/magazin\/waesche-liebling-im-fruehling-pastellfarben\/"},"wordCount":334,"commentCount":0,"publisher":{"@id":"https:\/\/www.schiesser.com\/magazin\/#organization"},"articleSection":["Aktuelles"],"inLanguage":"de-DE","potentialAction":[{"@type":"CommentAction","name":"Comment","target":["https:\/\/www.schiesser.com\/magazin\/waesche-liebling-im-fruehling-pastellfarben\/#respond"]}]},{"@type":"WebPage","@id":"https:\/\/www.schiesser.com\/magazin\/waesche-liebling-im-fruehling-pastellfarben\/","url":"https:\/\/www.schiesser.com\/magazin\/waesche-liebling-im-fruehling-pastellfarben\/","name":"Pastellfarben: - Schiesser Magazin","isPartOf":{"@id":"https:\/\/www.schiesser.com\/magazin\/#website"},"datePublished":"2022-03-23T08:02:00+00:00","dateModified":"2022-07-04T13:08:23+00:00","description":"Pastellfarben sind der Hit im Fr\u00fchjahr! Warum wir Lindgr\u00fcn und Vanillegelb so lieben, lesen Sie im SCHIESSER-Magazin!","breadcrumb":{"@id":"https:\/\/www.schiesser.com\/magazin\/waesche-liebling-im-fruehling-pastellfarben\/#breadcrumb"},"inLanguage":"de-DE","potentialAction":[{"@type":"ReadAction","target":["https:\/\/www.schiesser.com\/magazin\/waesche-liebling-im-fruehling-pastellfarben\/"]}]},{"@type":"BreadcrumbList","@id":"https:\/\/www.schiesser.com\/magazin\/waesche-liebling-im-fruehling-pastellfarben\/#breadcrumb","itemListElement":[{"@type":"ListItem","position":1,"name":"Home","item":"https:\/\/www.schiesser.com\/magazin\/"},{"@type":"ListItem","position":2,"name":"Pastellfarben:"}]},{"@type":"WebSite","@id":"https:\/\/www.schiesser.com\/magazin\/#website","url":"https:\/\/www.schiesser.com\/magazin\/","name":"Schiesser","description":"Nat\u00fcrlich. Zeitgeist. Seit 1875","publisher":{"@id":"https:\/\/www.schiesser.com\/magazin\/#organization"},"potentialAction":[{"@type":"SearchAction","target":{"@type":"EntryPoint","urlTemplate":"https:\/\/www.schiesser.com\/magazin\/?s={search_term_string}"},"query-input":"required name=search_term_string"}],"inLanguage":"de-DE"},{"@type":"Organization","@id":"https:\/\/www.schiesser.com\/magazin\/#organization","name":"Schiesser GmbH","url":"https:\/\/www.schiesser.com\/magazin\/","logo":{"@type":"ImageObject","inLanguage":"de-DE","@id":"https:\/\/www.schiesser.com\/magazin\/#\/schema\/logo\/image\/","url":"https:\/\/www.schiesser.com\/magazin\/wp-content\/uploads\/logo.png","contentUrl":"https:\/\/www.schiesser.com\/magazin\/wp-content\/uploads\/logo.png","width":245,"height":42,"caption":"Schiesser GmbH"},"image":{"@id":"https:\/\/www.schiesser.com\/magazin\/#\/schema\/logo\/image\/"},"sameAs":["https:\/\/www.facebook.com\/SCHIESSERGmbH1875","https:\/\/twitter.com\/schiessergmbh","https:\/\/www.instagram.com\/schiesser\/","https:\/\/www.pinterest.de\/schiessergmbh\/","https:\/\/www.youtube.com\/channel\/UCCe2pgIFNVcYnfvpt34fGMw"]},{"@type":"Person","@id":"https:\/\/www.schiesser.com\/magazin\/#\/schema\/person\/f75b44d14aab6b40c25a59671a4bee66","name":"SCHIESSER AG","image":{"@type":"ImageObject","inLanguage":"de-DE","@id":"https:\/\/www.schiesser.com\/magazin\/#\/schema\/person\/image\/","url":"https:\/\/www.schiesser.com\/magazin\/wp-content\/uploads\/Grosses-S-100x100.png","contentUrl":"https:\/\/www.schiesser.com\/magazin\/wp-content\/uploads\/Grosses-S-100x100.png","caption":"SCHIESSER AG"},"url":"https:\/\/www.schiesser.com\/magazin\/author\/c-tuebbergen\/"}]}},"_links":{"self":[{"href":"https:\/\/www.schiesser.com\/magazin\/wp-json\/wp\/v2\/posts\/5486"}],"collection":[{"href":"https:\/\/www.schiesser.com\/magazin\/wp-json\/wp\/v2\/posts"}],"about":[{"href":"https:\/\/www.schiesser.com\/magazin\/wp-json\/wp\/v2\/types\/post"}],"author":[{"embeddable":true,"href":"https:\/\/www.schiesser.com\/magazin\/wp-json\/wp\/v2\/users\/17"}],"replies":[{"embeddable":true,"href":"https:\/\/www.schiesser.com\/magazin\/wp-json\/wp\/v2\/comments?post=5486"}],"version-history":[{"count":3,"href":"https:\/\/www.schiesser.com\/magazin\/wp-json\/wp\/v2\/posts\/5486\/revisions"}],"predecessor-version":[{"id":5803,"href":"https:\/\/www.schiesser.com\/magazin\/wp-json\/wp\/v2\/posts\/5486\/revisions\/5803"}],"wp:featuredmedia":[{"embeddable":true,"href":"https:\/\/www.schiesser.com\/magazin\/wp-json\/wp\/v2\/media\/5487"}],"wp:attachment":[{"href":"https:\/\/www.schiesser.com\/magazin\/wp-json\/wp\/v2\/media?parent=5486"}],"wp:term":[{"taxonomy":"category","embeddable":true,"href":"https:\/\/www.schiesser.com\/magazin\/wp-json\/wp\/v2\/categories?post=5486"},{"taxonomy":"post_tag","embeddable":true,"href":"https:\/\/www.schiesser.com\/magazin\/wp-json\/wp\/v2\/tags?post=5486"}],"curies":[{"name":"wp","href":"https:\/\/api.w.org\/{rel}","templated":true}]}}