{"id":6901,"date":"2023-09-06T06:00:00","date_gmt":"2023-09-06T04:00:00","guid":{"rendered":"https:\/\/www.schiesser.com\/magazin\/?p=6901"},"modified":"2023-09-27T08:34:34","modified_gmt":"2023-09-27T06:34:34","slug":"trend-oder-mainstream","status":"publish","type":"post","link":"https:\/\/www.schiesser.com\/magazin\/trend-oder-mainstream\/","title":{"rendered":"Wer bestimmt, was Trend wird?"},"content":{"rendered":"\n<h2>Vom Catwalk zum Bestseller<\/h2>\n\n\n\n<p>R\u00fcschenkleider und Skater Girl Jeans &#8211; kennen Sie den neuesten Modeschrei? Wer bestimmt eigentlich, was Trend wird: Designer, Trendportale, Unternehmen oder doch die Konsumenten? Die Frage ist nicht leicht zu beantworten, schlie\u00dflich bewegt sich die Modebranche nicht in einem Vakuum; Gesellschaft, Wirtschaft oder Subkulturen spielen eine Rolle. Lassen Sie es uns versuchen:&nbsp;<\/p>\n\n\n<a class=\"wp-block-read-more\" href=\"https:\/\/www.schiesser.com\/magazin\/trend-oder-mainstream\/\" target=\"_self\">Weiterlesen<\/a>\n\n\n<!--nextpage-->\n\n\n\n<div style=\"height:20px\" aria-hidden=\"true\" class=\"wp-block-spacer\"><\/div>\n\n\n<div class=\"wp-block-image\">\n<figure class=\"aligncenter size-large\"><img decoding=\"async\" width=\"1024\" height=\"683\" src=\"https:\/\/www.schiesser.com\/magazin\/wp-content\/uploads\/rudy-issa-7DUSkuGgLyM-unsplash-1024x683.jpg\" alt=\"\" class=\"wp-image-6902\" srcset=\"https:\/\/www.schiesser.com\/magazin\/wp-content\/uploads\/rudy-issa-7DUSkuGgLyM-unsplash-1024x683.jpg 1024w, https:\/\/www.schiesser.com\/magazin\/wp-content\/uploads\/rudy-issa-7DUSkuGgLyM-unsplash-300x200.jpg 300w, https:\/\/www.schiesser.com\/magazin\/wp-content\/uploads\/rudy-issa-7DUSkuGgLyM-unsplash-768x512.jpg 768w, https:\/\/www.schiesser.com\/magazin\/wp-content\/uploads\/rudy-issa-7DUSkuGgLyM-unsplash-1536x1024.jpg 1536w, https:\/\/www.schiesser.com\/magazin\/wp-content\/uploads\/rudy-issa-7DUSkuGgLyM-unsplash-2048x1365.jpg 2048w, https:\/\/www.schiesser.com\/magazin\/wp-content\/uploads\/rudy-issa-7DUSkuGgLyM-unsplash-285x190.jpg 285w, https:\/\/www.schiesser.com\/magazin\/wp-content\/uploads\/rudy-issa-7DUSkuGgLyM-unsplash-600x400.jpg 600w, https:\/\/www.schiesser.com\/magazin\/wp-content\/uploads\/rudy-issa-7DUSkuGgLyM-unsplash-100x67.jpg 100w, https:\/\/www.schiesser.com\/magazin\/wp-content\/uploads\/rudy-issa-7DUSkuGgLyM-unsplash-150x100.jpg 150w, https:\/\/www.schiesser.com\/magazin\/wp-content\/uploads\/rudy-issa-7DUSkuGgLyM-unsplash-200x133.jpg 200w, https:\/\/www.schiesser.com\/magazin\/wp-content\/uploads\/rudy-issa-7DUSkuGgLyM-unsplash-450x300.jpg 450w, https:\/\/www.schiesser.com\/magazin\/wp-content\/uploads\/rudy-issa-7DUSkuGgLyM-unsplash-900x600.jpg 900w\" sizes=\"(max-width: 1024px) 100vw, 1024px\" \/><figcaption class=\"wp-element-caption\">Auf den Laufstegen dieser Welt werden h\u00e4ufig Trends geboren. <br>Foto von <a href=\"https:\/\/unsplash.com\/de\/@rudy_issa?utm_source=unsplash&amp;utm_medium=referral&amp;utm_content=creditCopyText\">Rudy Issa<\/a> auf <a href=\"https:\/\/unsplash.com\/de\/fotos\/7DUSkuGgLyM?utm_source=unsplash&amp;utm_medium=referral&amp;utm_content=creditCopyText\">Unsplash<\/a><\/figcaption><\/figure><\/div>\n\n\n<div style=\"height:30px\" aria-hidden=\"true\" class=\"wp-block-spacer\"><\/div>\n\n\n\n<h3>Modejournalisten entscheiden \u00fcber Trends<\/h3>\n\n\n\n<p>Was f\u00e4llt Ihnen spontan ein, wenn Sie das Wort &#8222;Trend&#8220; h\u00f6ren? Sind es Laufstege, bewundernde Blicke der Zuschauenden und jede Menge Blitzlichtgewitter? Dann liegen Sie mit Ihrer Vermutung schon sehr nah, Modetrends werden sehr h\u00e4ufig genau dort geboren. Bestimmend daf\u00fcr, was vom Catwalk zum Bestseller in den Gesch\u00e4ften wird, sind aber nicht die Designer, sondern die Journalisten. Denn auch das geh\u00f6rt sicherlich zu Ihrem Bild im Kopf: Jemand wie Anna Wintour, die in der ersten Reihe kritisch die Models begutachtet. Es gibt nur wenige Menschen wie die ber\u00fchmt-ber\u00fcchtigte Chefredakteurin der amerikanischen Vogue, die die Macht haben, Trends zu bestimmen. Genauer gesagt, k\u00f6nnen diese Modejournalisten Karrieren erm\u00f6glichen &#8211; und auch vernichten, hei\u00dft es passend in einem Artikel zu dem Thema in der <a href=\"https:\/\/www.faz.net\/aktuell\/gesellschaft\/modefrage-v-wer-bestimmt-was-trend-wird-1461077.html#:~:text=Es%20sind%20nicht%20die%20Designer,die%20bestimmen%2C%20was%20Trend%20wird.\" target=\"_blank\" rel=\"noreferrer noopener\">FAZ<\/a>. Schlie\u00dflich sind die aktuellen Modenschauen nur einem ausgew\u00e4hlten Kreis an Menschen zug\u00e4nglich. <\/p>\n\n\n\n<div style=\"height:30px\" aria-hidden=\"true\" class=\"wp-block-spacer\"><\/div>\n\n\n<div class=\"wp-block-image\">\n<figure class=\"aligncenter size-large\"><img decoding=\"async\" width=\"1024\" height=\"683\" src=\"https:\/\/www.schiesser.com\/magazin\/wp-content\/uploads\/highlight-id-ZPKyG9_YvkI-unsplash-1024x683.jpg\" alt=\"\" class=\"wp-image-6903\" srcset=\"https:\/\/www.schiesser.com\/magazin\/wp-content\/uploads\/highlight-id-ZPKyG9_YvkI-unsplash-1024x683.jpg 1024w, https:\/\/www.schiesser.com\/magazin\/wp-content\/uploads\/highlight-id-ZPKyG9_YvkI-unsplash-300x200.jpg 300w, https:\/\/www.schiesser.com\/magazin\/wp-content\/uploads\/highlight-id-ZPKyG9_YvkI-unsplash-768x512.jpg 768w, https:\/\/www.schiesser.com\/magazin\/wp-content\/uploads\/highlight-id-ZPKyG9_YvkI-unsplash-1536x1024.jpg 1536w, https:\/\/www.schiesser.com\/magazin\/wp-content\/uploads\/highlight-id-ZPKyG9_YvkI-unsplash-2048x1365.jpg 2048w, https:\/\/www.schiesser.com\/magazin\/wp-content\/uploads\/highlight-id-ZPKyG9_YvkI-unsplash-285x190.jpg 285w, https:\/\/www.schiesser.com\/magazin\/wp-content\/uploads\/highlight-id-ZPKyG9_YvkI-unsplash-600x400.jpg 600w, https:\/\/www.schiesser.com\/magazin\/wp-content\/uploads\/highlight-id-ZPKyG9_YvkI-unsplash-100x67.jpg 100w, https:\/\/www.schiesser.com\/magazin\/wp-content\/uploads\/highlight-id-ZPKyG9_YvkI-unsplash-150x100.jpg 150w, https:\/\/www.schiesser.com\/magazin\/wp-content\/uploads\/highlight-id-ZPKyG9_YvkI-unsplash-200x133.jpg 200w, https:\/\/www.schiesser.com\/magazin\/wp-content\/uploads\/highlight-id-ZPKyG9_YvkI-unsplash-450x300.jpg 450w, https:\/\/www.schiesser.com\/magazin\/wp-content\/uploads\/highlight-id-ZPKyG9_YvkI-unsplash-900x600.jpg 900w\" sizes=\"(max-width: 1024px) 100vw, 1024px\" \/><figcaption class=\"wp-element-caption\">Modejournalisten haben in der Hand, was Trend wird. <br>Foto von <a href=\"https:\/\/unsplash.com\/de\/@highlightid?utm_source=unsplash&amp;utm_medium=referral&amp;utm_content=creditCopyText\">Highlight ID<\/a> auf <a href=\"https:\/\/unsplash.com\/de\/fotos\/ZPKyG9_YvkI?utm_source=unsplash&amp;utm_medium=referral&amp;utm_content=creditCopyText\">Unsplash<\/a><\/figcaption><\/figure><\/div>\n\n\n<p><\/p>\n\n\n\n<div style=\"height:30px\" aria-hidden=\"true\" class=\"wp-block-spacer\"><\/div>\n\n\n\n<h3>Influencer auf Social Media &#8211; die neuen Scouts f\u00fcr Trends<\/h3>\n\n\n\n<p>In den ersten Reihen der Modeschauen sitzen nicht nur Modejournalisten, sondern auch Celebritys und &#8211; seit einigen Jahren &#8211; auch Influencer. Das eine schlie\u00dft das andere nicht aus, denn nat\u00fcrlich k\u00f6nnen auch die Stars und Sternchen Trends pr\u00e4gen und als Influencer Millionen von Menschen erreichen. In den sozialen Kan\u00e4len wie Instagram oder TikTok verbreiten sich Modeimpulse blitzschnell und sind uns gleichzeitig n\u00e4her als viele Hochglanzmagazine. Wenn eine Schauspielerin, Musikerin oder ein bekannter Sportler einen coolen Look posten, k\u00f6nnen Shirts, Schuhe oder Taschen \u00fcber Nacht zum It-Piece werden. Je h\u00f6her die Follower-Zahl, desto eher werden aus Kleidung oder Accessoires tats\u00e4chlich Trends. <\/p>\n\n\n\n<div style=\"height:30px\" aria-hidden=\"true\" class=\"wp-block-spacer\"><\/div>\n\n\n<div class=\"wp-block-image\">\n<figure class=\"aligncenter size-large\"><img decoding=\"async\" width=\"768\" height=\"1024\" src=\"https:\/\/www.schiesser.com\/magazin\/wp-content\/uploads\/good-faces-PACNRKpj1gU-unsplash-768x1024.jpg\" alt=\"\" class=\"wp-image-6904\" srcset=\"https:\/\/www.schiesser.com\/magazin\/wp-content\/uploads\/good-faces-PACNRKpj1gU-unsplash-768x1024.jpg 768w, https:\/\/www.schiesser.com\/magazin\/wp-content\/uploads\/good-faces-PACNRKpj1gU-unsplash-225x300.jpg 225w, https:\/\/www.schiesser.com\/magazin\/wp-content\/uploads\/good-faces-PACNRKpj1gU-unsplash-1152x1536.jpg 1152w, https:\/\/www.schiesser.com\/magazin\/wp-content\/uploads\/good-faces-PACNRKpj1gU-unsplash-1536x2048.jpg 1536w, https:\/\/www.schiesser.com\/magazin\/wp-content\/uploads\/good-faces-PACNRKpj1gU-unsplash-143x190.jpg 143w, https:\/\/www.schiesser.com\/magazin\/wp-content\/uploads\/good-faces-PACNRKpj1gU-unsplash-300x400.jpg 300w, https:\/\/www.schiesser.com\/magazin\/wp-content\/uploads\/good-faces-PACNRKpj1gU-unsplash-600x800.jpg 600w, https:\/\/www.schiesser.com\/magazin\/wp-content\/uploads\/good-faces-PACNRKpj1gU-unsplash-100x133.jpg 100w, https:\/\/www.schiesser.com\/magazin\/wp-content\/uploads\/good-faces-PACNRKpj1gU-unsplash-150x200.jpg 150w, https:\/\/www.schiesser.com\/magazin\/wp-content\/uploads\/good-faces-PACNRKpj1gU-unsplash-200x267.jpg 200w, https:\/\/www.schiesser.com\/magazin\/wp-content\/uploads\/good-faces-PACNRKpj1gU-unsplash-450x600.jpg 450w, https:\/\/www.schiesser.com\/magazin\/wp-content\/uploads\/good-faces-PACNRKpj1gU-unsplash-900x1200.jpg 900w, https:\/\/www.schiesser.com\/magazin\/wp-content\/uploads\/good-faces-PACNRKpj1gU-unsplash-scaled.jpg 1920w\" sizes=\"(max-width: 768px) 100vw, 768px\" \/><figcaption class=\"wp-element-caption\">Auch Influencer pr\u00e4gen Trends. <br>Foto von <a href=\"https:\/\/unsplash.com\/de\/@goodfacesagency?utm_source=unsplash&amp;utm_medium=referral&amp;utm_content=creditCopyText\">Good Faces<\/a> auf <a href=\"https:\/\/unsplash.com\/de\/fotos\/PACNRKpj1gU?utm_source=unsplash&amp;utm_medium=referral&amp;utm_content=creditCopyText\">Unsplash<\/a><\/figcaption><\/figure><\/div>\n\n\n<div style=\"height:30px\" aria-hidden=\"true\" class=\"wp-block-spacer\"><\/div>\n\n\n\n<h3>Gesellschaft und Jugend &#8211; auch auf der Stra\u00dfe werden Trends geboren<\/h3>\n\n\n\n<p>Wir haben schon dar\u00fcber philosophiert, warum sich <a href=\"https:\/\/www.schiesser.com\/magazin\/warum-wiederholen-sich-trends\/\">Trends wiederholen<\/a> und wer in der Vergangenheit pr\u00e4gend f\u00fcr unsere Mode war. Menschen aus h\u00f6heren Gesellschaftsschichten waren historisch gesehen ebenso entscheidend f\u00fcr die Entstehung von Trends, wie Politik und Gesellschaft. Nat\u00fcrlich haben die Hippies der 70er keine Modeschauen besucht, um die Mode f\u00fcr Minir\u00f6cke und Schlafhosen zu pr\u00e4gen. Das Magazin der Bundeszentrale f\u00fcr politische Bildung <a href=\"https:\/\/www.fluter.de\/wer-bestimmt-trend-mode\">Fluter<\/a> spricht von einer &#8222;modischen Rebellion&#8220;. Ein Trend sei f\u00f6rderlich, wenn ein Teil der Gesellschaft eine Mode ganz schrecklich findet, hei\u00dft es in dem Onlinemagazin. Da ist etwas dran, schlie\u00dflich wollten auch wir uns als Teenager abgrenzen und haben sicherlich auch einige &#8222;schreckliche&#8220; Trends mitgemacht &#8211; aus unserer heutigen Sicht zumindest. <\/p>\n\n\n\n<div style=\"height:30px\" aria-hidden=\"true\" class=\"wp-block-spacer\"><\/div>\n\n\n<div class=\"wp-block-image\">\n<figure class=\"aligncenter size-large\"><img decoding=\"async\" width=\"683\" height=\"1024\" src=\"https:\/\/www.schiesser.com\/magazin\/wp-content\/uploads\/katsiaryna-endruszkiewicz-BteCp6aq4GI-unsplash-683x1024.jpg\" alt=\"\" class=\"wp-image-6907\" srcset=\"https:\/\/www.schiesser.com\/magazin\/wp-content\/uploads\/katsiaryna-endruszkiewicz-BteCp6aq4GI-unsplash-683x1024.jpg 683w, https:\/\/www.schiesser.com\/magazin\/wp-content\/uploads\/katsiaryna-endruszkiewicz-BteCp6aq4GI-unsplash-200x300.jpg 200w, https:\/\/www.schiesser.com\/magazin\/wp-content\/uploads\/katsiaryna-endruszkiewicz-BteCp6aq4GI-unsplash-768x1152.jpg 768w, https:\/\/www.schiesser.com\/magazin\/wp-content\/uploads\/katsiaryna-endruszkiewicz-BteCp6aq4GI-unsplash-1024x1536.jpg 1024w, https:\/\/www.schiesser.com\/magazin\/wp-content\/uploads\/katsiaryna-endruszkiewicz-BteCp6aq4GI-unsplash-1365x2048.jpg 1365w, https:\/\/www.schiesser.com\/magazin\/wp-content\/uploads\/katsiaryna-endruszkiewicz-BteCp6aq4GI-unsplash-127x190.jpg 127w, https:\/\/www.schiesser.com\/magazin\/wp-content\/uploads\/katsiaryna-endruszkiewicz-BteCp6aq4GI-unsplash-267x400.jpg 267w, https:\/\/www.schiesser.com\/magazin\/wp-content\/uploads\/katsiaryna-endruszkiewicz-BteCp6aq4GI-unsplash-600x900.jpg 600w, https:\/\/www.schiesser.com\/magazin\/wp-content\/uploads\/katsiaryna-endruszkiewicz-BteCp6aq4GI-unsplash-100x150.jpg 100w, https:\/\/www.schiesser.com\/magazin\/wp-content\/uploads\/katsiaryna-endruszkiewicz-BteCp6aq4GI-unsplash-150x225.jpg 150w, https:\/\/www.schiesser.com\/magazin\/wp-content\/uploads\/katsiaryna-endruszkiewicz-BteCp6aq4GI-unsplash-300x450.jpg 300w, https:\/\/www.schiesser.com\/magazin\/wp-content\/uploads\/katsiaryna-endruszkiewicz-BteCp6aq4GI-unsplash-450x675.jpg 450w, https:\/\/www.schiesser.com\/magazin\/wp-content\/uploads\/katsiaryna-endruszkiewicz-BteCp6aq4GI-unsplash-900x1350.jpg 900w, https:\/\/www.schiesser.com\/magazin\/wp-content\/uploads\/katsiaryna-endruszkiewicz-BteCp6aq4GI-unsplash-scaled.jpg 1707w\" sizes=\"(max-width: 683px) 100vw, 683px\" \/><figcaption class=\"wp-element-caption\">Rebellion kann ebenfalls Trend sein &#8211; so, wie bei vielen Teenagern! <br>Foto von <a href=\"https:\/\/unsplash.com\/de\/@endka_1?utm_source=unsplash&amp;utm_medium=referral&amp;utm_content=creditCopyText\">Katsiaryna Endruszkiewicz<\/a> auf <a href=\"https:\/\/unsplash.com\/de\/fotos\/BteCp6aq4GI?utm_source=unsplash&amp;utm_medium=referral&amp;utm_content=creditCopyText\">Unsplash<\/a><\/figcaption><\/figure><\/div>\n\n\n<p>&nbsp;<\/p>\n\n\n\n<p>Wie viele Modeschaffende lassen auch wir uns gerne von <a href=\"https:\/\/www.schiesser.com\/magazin\/wie-die-muster-auf-schiesser-waesche-kommen\/\">unserer Umwelt inspiriere<\/a>n: Die Welt ist bunt und vielf\u00e4ltig, da bringt ein Blick auf die Stra\u00dfen der Gro\u00dfst\u00e4dte oder auch das Farbenspiel im n\u00e4chsten Wald tolle Ideen f\u00fcr unsere kommenden Kollektionen! Schauen Sie in unserem <a href=\"http:\/\/schiesser.com\">Onlineshop <\/a>vorbei und entdecken Sie, welche Trends unsere aktuelle Kollektion gepr\u00e4gt haben! <\/p>\n\n\n\n<p><\/p>\n\n\n\n<div class=\"is-layout-flow wp-block-group alignfull has-text-color has-background\" style=\"color:#000000;background-color:#ffffff\"><div class=\"wp-block-group__inner-container\">\n<div class=\"is-horizontal is-content-justification-center is-layout-flex wp-container-1 wp-block-buttons\">\n<div class=\"wp-block-button has-custom-width wp-block-button__width-50\"><a class=\"wp-block-button__link has-button-hover-text-color-background-color has-text-color has-background wp-element-button\" href=\"https:\/\/www.schiesser.com\/\" style=\"border-radius:50px;color:#ffffff\" target=\"_blank\" rel=\"noreferrer noopener\">Jetzt trendige Unterw\u00e4sche shoppen! <\/a><\/div>\n<\/div>\n\n\n\n<div style=\"height:64px\" aria-hidden=\"true\" class=\"wp-block-spacer\"><\/div>\n<\/div><\/div>\n","protected":false},"excerpt":{"rendered":"<p>Vom Catwalk zum Bestseller R\u00fcschenkleider und Skater Girl Jeans &#8211; kennen Sie den neuesten Modeschrei? Wer bestimmt eigentlich, was Trend wird: Designer, Trendportale, Unternehmen oder doch die Konsumenten? Die Frage ist nicht leicht zu beantworten, schlie\u00dflich bewegt sich die Modebranche nicht in einem Vakuum; Gesellschaft, Wirtschaft oder Subkulturen spielen eine Rolle. Lassen Sie es uns versuchen:&nbsp;<\/p>\n","protected":false},"author":17,"featured_media":6902,"comment_status":"open","ping_status":"open","sticky":false,"template":"","format":"standard","meta":[],"categories":[1],"tags":[],"yoast_head":"<!-- This site is optimized with the Yoast SEO plugin v20.2 - https:\/\/yoast.com\/wordpress\/plugins\/seo\/ -->\n<title>Wer bestimmt, was Trend wird? - Schiesser<\/title>\n<meta name=\"description\" content=\"Wer bestimmt, was Trend wird? Im SCHIESSER Magazin, versuchen wir diese spannende Frage zu kl\u00e4ren! Jetzt reinschauen!\" \/>\n<meta name=\"robots\" content=\"index, follow, max-snippet:-1, max-image-preview:large, max-video-preview:-1\" \/>\n<link rel=\"canonical\" href=\"https:\/\/www.schiesser.com\/magazin\/trend-oder-mainstream\/\" \/>\n<link rel=\"next\" href=\"https:\/\/www.schiesser.com\/magazin\/trend-oder-mainstream\/2\/\" \/>\n<meta property=\"og:locale\" content=\"de_DE\" \/>\n<meta property=\"og:type\" content=\"article\" \/>\n<meta property=\"og:title\" content=\"Wer bestimmt, was Trend wird? - Schiesser\" \/>\n<meta property=\"og:description\" content=\"Wer bestimmt, was Trend wird? Im SCHIESSER Magazin, versuchen wir diese spannende Frage zu kl\u00e4ren! Jetzt reinschauen!\" \/>\n<meta property=\"og:url\" content=\"https:\/\/www.schiesser.com\/magazin\/trend-oder-mainstream\/\" \/>\n<meta property=\"og:site_name\" content=\"Schiesser\" \/>\n<meta property=\"article:publisher\" content=\"https:\/\/www.facebook.com\/SCHIESSERGmbH1875\" \/>\n<meta property=\"article:published_time\" content=\"2023-09-06T04:00:00+00:00\" \/>\n<meta property=\"article:modified_time\" content=\"2023-09-27T06:34:34+00:00\" \/>\n<meta property=\"og:image\" content=\"https:\/\/www.schiesser.com\/magazin\/wp-content\/uploads\/rudy-issa-7DUSkuGgLyM-unsplash-scaled.jpg\" \/>\n\t<meta property=\"og:image:width\" content=\"2560\" \/>\n\t<meta property=\"og:image:height\" content=\"1707\" \/>\n\t<meta property=\"og:image:type\" content=\"image\/jpeg\" \/>\n<meta name=\"author\" content=\"SCHIESSER AG\" \/>\n<meta name=\"twitter:card\" content=\"summary_large_image\" \/>\n<meta name=\"twitter:creator\" content=\"@schiessergmbh\" \/>\n<meta name=\"twitter:site\" content=\"@schiessergmbh\" \/>\n<meta name=\"twitter:label1\" content=\"Verfasst von\" \/>\n\t<meta name=\"twitter:data1\" content=\"SCHIESSER AG\" \/>\n\t<meta name=\"twitter:label2\" content=\"Gesch\u00e4tzte Lesezeit\" \/>\n\t<meta name=\"twitter:data2\" content=\"4 Minuten\" \/>\n<script type=\"application\/ld+json\" class=\"yoast-schema-graph\">{\"@context\":\"https:\/\/schema.org\",\"@graph\":[{\"@type\":\"Article\",\"@id\":\"https:\/\/www.schiesser.com\/magazin\/trend-oder-mainstream\/#article\",\"isPartOf\":{\"@id\":\"https:\/\/www.schiesser.com\/magazin\/trend-oder-mainstream\/\"},\"author\":{\"name\":\"SCHIESSER AG\",\"@id\":\"https:\/\/www.schiesser.com\/magazin\/#\/schema\/person\/f75b44d14aab6b40c25a59671a4bee66\"},\"headline\":\"Wer bestimmt, was Trend wird?\",\"datePublished\":\"2023-09-06T04:00:00+00:00\",\"dateModified\":\"2023-09-27T06:34:34+00:00\",\"mainEntityOfPage\":{\"@id\":\"https:\/\/www.schiesser.com\/magazin\/trend-oder-mainstream\/\"},\"wordCount\":601,\"commentCount\":0,\"publisher\":{\"@id\":\"https:\/\/www.schiesser.com\/magazin\/#organization\"},\"articleSection\":[\"Aktuelles\"],\"inLanguage\":\"de-DE\",\"potentialAction\":[{\"@type\":\"CommentAction\",\"name\":\"Comment\",\"target\":[\"https:\/\/www.schiesser.com\/magazin\/trend-oder-mainstream\/#respond\"]}]},{\"@type\":\"WebPage\",\"@id\":\"https:\/\/www.schiesser.com\/magazin\/trend-oder-mainstream\/\",\"url\":\"https:\/\/www.schiesser.com\/magazin\/trend-oder-mainstream\/\",\"name\":\"Wer bestimmt, was Trend wird? - Schiesser\",\"isPartOf\":{\"@id\":\"https:\/\/www.schiesser.com\/magazin\/#website\"},\"datePublished\":\"2023-09-06T04:00:00+00:00\",\"dateModified\":\"2023-09-27T06:34:34+00:00\",\"description\":\"Wer bestimmt, was Trend wird? Im SCHIESSER Magazin, versuchen wir diese spannende Frage zu kl\u00e4ren! Jetzt reinschauen!\",\"inLanguage\":\"de-DE\",\"potentialAction\":[{\"@type\":\"ReadAction\",\"target\":[\"https:\/\/www.schiesser.com\/magazin\/trend-oder-mainstream\/\"]}]},{\"@type\":\"WebSite\",\"@id\":\"https:\/\/www.schiesser.com\/magazin\/#website\",\"url\":\"https:\/\/www.schiesser.com\/magazin\/\",\"name\":\"Schiesser\",\"description\":\"Nat\u00fcrlich. Zeitgeist. Seit 1875\",\"publisher\":{\"@id\":\"https:\/\/www.schiesser.com\/magazin\/#organization\"},\"potentialAction\":[{\"@type\":\"SearchAction\",\"target\":{\"@type\":\"EntryPoint\",\"urlTemplate\":\"https:\/\/www.schiesser.com\/magazin\/?s={search_term_string}\"},\"query-input\":\"required name=search_term_string\"}],\"inLanguage\":\"de-DE\"},{\"@type\":\"Organization\",\"@id\":\"https:\/\/www.schiesser.com\/magazin\/#organization\",\"name\":\"Schiesser GmbH\",\"url\":\"https:\/\/www.schiesser.com\/magazin\/\",\"logo\":{\"@type\":\"ImageObject\",\"inLanguage\":\"de-DE\",\"@id\":\"https:\/\/www.schiesser.com\/magazin\/#\/schema\/logo\/image\/\",\"url\":\"https:\/\/www.schiesser.com\/magazin\/wp-content\/uploads\/logo.png\",\"contentUrl\":\"https:\/\/www.schiesser.com\/magazin\/wp-content\/uploads\/logo.png\",\"width\":245,\"height\":42,\"caption\":\"Schiesser GmbH\"},\"image\":{\"@id\":\"https:\/\/www.schiesser.com\/magazin\/#\/schema\/logo\/image\/\"},\"sameAs\":[\"https:\/\/www.facebook.com\/SCHIESSERGmbH1875\",\"https:\/\/twitter.com\/schiessergmbh\",\"https:\/\/www.instagram.com\/schiesser\/\",\"https:\/\/www.pinterest.de\/schiessergmbh\/\",\"https:\/\/www.youtube.com\/channel\/UCCe2pgIFNVcYnfvpt34fGMw\"]},{\"@type\":\"Person\",\"@id\":\"https:\/\/www.schiesser.com\/magazin\/#\/schema\/person\/f75b44d14aab6b40c25a59671a4bee66\",\"name\":\"SCHIESSER AG\",\"image\":{\"@type\":\"ImageObject\",\"inLanguage\":\"de-DE\",\"@id\":\"https:\/\/www.schiesser.com\/magazin\/#\/schema\/person\/image\/\",\"url\":\"https:\/\/www.schiesser.com\/magazin\/wp-content\/uploads\/Grosses-S-100x100.png\",\"contentUrl\":\"https:\/\/www.schiesser.com\/magazin\/wp-content\/uploads\/Grosses-S-100x100.png\",\"caption\":\"SCHIESSER AG\"},\"url\":\"https:\/\/www.schiesser.com\/magazin\/author\/c-tuebbergen\/\"}]}<\/script>\n<!-- \/ Yoast SEO plugin. -->","yoast_head_json":{"title":"Wer bestimmt, was Trend wird? - Schiesser","description":"Wer bestimmt, was Trend wird? Im SCHIESSER Magazin, versuchen wir diese spannende Frage zu kl\u00e4ren! Jetzt reinschauen!","robots":{"index":"index","follow":"follow","max-snippet":"max-snippet:-1","max-image-preview":"max-image-preview:large","max-video-preview":"max-video-preview:-1"},"canonical":"https:\/\/www.schiesser.com\/magazin\/trend-oder-mainstream\/","next":"https:\/\/www.schiesser.com\/magazin\/trend-oder-mainstream\/2\/","og_locale":"de_DE","og_type":"article","og_title":"Wer bestimmt, was Trend wird? - Schiesser","og_description":"Wer bestimmt, was Trend wird? Im SCHIESSER Magazin, versuchen wir diese spannende Frage zu kl\u00e4ren! Jetzt reinschauen!","og_url":"https:\/\/www.schiesser.com\/magazin\/trend-oder-mainstream\/","og_site_name":"Schiesser","article_publisher":"https:\/\/www.facebook.com\/SCHIESSERGmbH1875","article_published_time":"2023-09-06T04:00:00+00:00","article_modified_time":"2023-09-27T06:34:34+00:00","og_image":[{"width":2560,"height":1707,"url":"https:\/\/www.schiesser.com\/magazin\/wp-content\/uploads\/rudy-issa-7DUSkuGgLyM-unsplash-scaled.jpg","type":"image\/jpeg"}],"author":"SCHIESSER AG","twitter_card":"summary_large_image","twitter_creator":"@schiessergmbh","twitter_site":"@schiessergmbh","twitter_misc":{"Verfasst von":"SCHIESSER AG","Gesch\u00e4tzte Lesezeit":"4 Minuten"},"schema":{"@context":"https:\/\/schema.org","@graph":[{"@type":"Article","@id":"https:\/\/www.schiesser.com\/magazin\/trend-oder-mainstream\/#article","isPartOf":{"@id":"https:\/\/www.schiesser.com\/magazin\/trend-oder-mainstream\/"},"author":{"name":"SCHIESSER AG","@id":"https:\/\/www.schiesser.com\/magazin\/#\/schema\/person\/f75b44d14aab6b40c25a59671a4bee66"},"headline":"Wer bestimmt, was Trend wird?","datePublished":"2023-09-06T04:00:00+00:00","dateModified":"2023-09-27T06:34:34+00:00","mainEntityOfPage":{"@id":"https:\/\/www.schiesser.com\/magazin\/trend-oder-mainstream\/"},"wordCount":601,"commentCount":0,"publisher":{"@id":"https:\/\/www.schiesser.com\/magazin\/#organization"},"articleSection":["Aktuelles"],"inLanguage":"de-DE","potentialAction":[{"@type":"CommentAction","name":"Comment","target":["https:\/\/www.schiesser.com\/magazin\/trend-oder-mainstream\/#respond"]}]},{"@type":"WebPage","@id":"https:\/\/www.schiesser.com\/magazin\/trend-oder-mainstream\/","url":"https:\/\/www.schiesser.com\/magazin\/trend-oder-mainstream\/","name":"Wer bestimmt, was Trend wird? - Schiesser","isPartOf":{"@id":"https:\/\/www.schiesser.com\/magazin\/#website"},"datePublished":"2023-09-06T04:00:00+00:00","dateModified":"2023-09-27T06:34:34+00:00","description":"Wer bestimmt, was Trend wird? Im SCHIESSER Magazin, versuchen wir diese spannende Frage zu kl\u00e4ren! Jetzt reinschauen!","inLanguage":"de-DE","potentialAction":[{"@type":"ReadAction","target":["https:\/\/www.schiesser.com\/magazin\/trend-oder-mainstream\/"]}]},{"@type":"WebSite","@id":"https:\/\/www.schiesser.com\/magazin\/#website","url":"https:\/\/www.schiesser.com\/magazin\/","name":"Schiesser","description":"Nat\u00fcrlich. Zeitgeist. Seit 1875","publisher":{"@id":"https:\/\/www.schiesser.com\/magazin\/#organization"},"potentialAction":[{"@type":"SearchAction","target":{"@type":"EntryPoint","urlTemplate":"https:\/\/www.schiesser.com\/magazin\/?s={search_term_string}"},"query-input":"required name=search_term_string"}],"inLanguage":"de-DE"},{"@type":"Organization","@id":"https:\/\/www.schiesser.com\/magazin\/#organization","name":"Schiesser GmbH","url":"https:\/\/www.schiesser.com\/magazin\/","logo":{"@type":"ImageObject","inLanguage":"de-DE","@id":"https:\/\/www.schiesser.com\/magazin\/#\/schema\/logo\/image\/","url":"https:\/\/www.schiesser.com\/magazin\/wp-content\/uploads\/logo.png","contentUrl":"https:\/\/www.schiesser.com\/magazin\/wp-content\/uploads\/logo.png","width":245,"height":42,"caption":"Schiesser GmbH"},"image":{"@id":"https:\/\/www.schiesser.com\/magazin\/#\/schema\/logo\/image\/"},"sameAs":["https:\/\/www.facebook.com\/SCHIESSERGmbH1875","https:\/\/twitter.com\/schiessergmbh","https:\/\/www.instagram.com\/schiesser\/","https:\/\/www.pinterest.de\/schiessergmbh\/","https:\/\/www.youtube.com\/channel\/UCCe2pgIFNVcYnfvpt34fGMw"]},{"@type":"Person","@id":"https:\/\/www.schiesser.com\/magazin\/#\/schema\/person\/f75b44d14aab6b40c25a59671a4bee66","name":"SCHIESSER AG","image":{"@type":"ImageObject","inLanguage":"de-DE","@id":"https:\/\/www.schiesser.com\/magazin\/#\/schema\/person\/image\/","url":"https:\/\/www.schiesser.com\/magazin\/wp-content\/uploads\/Grosses-S-100x100.png","contentUrl":"https:\/\/www.schiesser.com\/magazin\/wp-content\/uploads\/Grosses-S-100x100.png","caption":"SCHIESSER AG"},"url":"https:\/\/www.schiesser.com\/magazin\/author\/c-tuebbergen\/"}]}},"_links":{"self":[{"href":"https:\/\/www.schiesser.com\/magazin\/wp-json\/wp\/v2\/posts\/6901"}],"collection":[{"href":"https:\/\/www.schiesser.com\/magazin\/wp-json\/wp\/v2\/posts"}],"about":[{"href":"https:\/\/www.schiesser.com\/magazin\/wp-json\/wp\/v2\/types\/post"}],"author":[{"embeddable":true,"href":"https:\/\/www.schiesser.com\/magazin\/wp-json\/wp\/v2\/users\/17"}],"replies":[{"embeddable":true,"href":"https:\/\/www.schiesser.com\/magazin\/wp-json\/wp\/v2\/comments?post=6901"}],"version-history":[{"count":5,"href":"https:\/\/www.schiesser.com\/magazin\/wp-json\/wp\/v2\/posts\/6901\/revisions"}],"predecessor-version":[{"id":7043,"href":"https:\/\/www.schiesser.com\/magazin\/wp-json\/wp\/v2\/posts\/6901\/revisions\/7043"}],"wp:featuredmedia":[{"embeddable":true,"href":"https:\/\/www.schiesser.com\/magazin\/wp-json\/wp\/v2\/media\/6902"}],"wp:attachment":[{"href":"https:\/\/www.schiesser.com\/magazin\/wp-json\/wp\/v2\/media?parent=6901"}],"wp:term":[{"taxonomy":"category","embeddable":true,"href":"https:\/\/www.schiesser.com\/magazin\/wp-json\/wp\/v2\/categories?post=6901"},{"taxonomy":"post_tag","embeddable":true,"href":"https:\/\/www.schiesser.com\/magazin\/wp-json\/wp\/v2\/tags?post=6901"}],"curies":[{"name":"wp","href":"https:\/\/api.w.org\/{rel}","templated":true}]}}