{"id":7129,"date":"2023-11-29T06:00:00","date_gmt":"2023-11-29T05:00:00","guid":{"rendered":"https:\/\/www.schiesser.com\/magazin\/?p=7129"},"modified":"2023-11-27T16:52:10","modified_gmt":"2023-11-27T15:52:10","slug":"weihnachten-im-schlaf-anzug","status":"publish","type":"post","link":"https:\/\/www.schiesser.com\/magazin\/weihnachten-im-schlaf-anzug\/","title":{"rendered":"Advent im Weihnachtspyjama"},"content":{"rendered":"\n<h2>Die sch\u00f6nsten Weihnachtstraditionen f\u00fcr die ganze Familie<\/h2>\n\n\n\n<p>Weihnachten \u2013 allein das Wort weckt Assoziationen. Eng damit verwoben sind die Traditionen, mit denen wir aufgewachsen sind, die wir fortf\u00fchren oder an die wir uns gerne erinnern. Welche dieser typischen Traditionen f\u00fcr die Adventszeit und Weihnachten kennst du? Bei SCHIESSER feiern wir Heiligabend ja am liebsten im Weihnachtspyjama, logisch.<\/p>\n\n\n\n<!--more-->\n\n\n\n<div style=\"height:30px\" aria-hidden=\"true\" class=\"wp-block-spacer\"><\/div>\n\n\n<div class=\"wp-block-image\">\n<figure class=\"aligncenter size-full\"><img decoding=\"async\" width=\"400\" height=\"600\" src=\"https:\/\/www.schiesser.com\/magazin\/wp-content\/uploads\/SCHIESSER_fall_winter_2023_original_SR_HE_KI_KH23_180443-904_180452-000_31.12.2024_RGB_v1.jpg\" alt=\"\" class=\"wp-image-7084\" srcset=\"https:\/\/www.schiesser.com\/magazin\/wp-content\/uploads\/SCHIESSER_fall_winter_2023_original_SR_HE_KI_KH23_180443-904_180452-000_31.12.2024_RGB_v1.jpg 400w, https:\/\/www.schiesser.com\/magazin\/wp-content\/uploads\/SCHIESSER_fall_winter_2023_original_SR_HE_KI_KH23_180443-904_180452-000_31.12.2024_RGB_v1-200x300.jpg 200w, https:\/\/www.schiesser.com\/magazin\/wp-content\/uploads\/SCHIESSER_fall_winter_2023_original_SR_HE_KI_KH23_180443-904_180452-000_31.12.2024_RGB_v1-127x190.jpg 127w, https:\/\/www.schiesser.com\/magazin\/wp-content\/uploads\/SCHIESSER_fall_winter_2023_original_SR_HE_KI_KH23_180443-904_180452-000_31.12.2024_RGB_v1-267x400.jpg 267w, https:\/\/www.schiesser.com\/magazin\/wp-content\/uploads\/SCHIESSER_fall_winter_2023_original_SR_HE_KI_KH23_180443-904_180452-000_31.12.2024_RGB_v1-100x150.jpg 100w, https:\/\/www.schiesser.com\/magazin\/wp-content\/uploads\/SCHIESSER_fall_winter_2023_original_SR_HE_KI_KH23_180443-904_180452-000_31.12.2024_RGB_v1-150x225.jpg 150w, https:\/\/www.schiesser.com\/magazin\/wp-content\/uploads\/SCHIESSER_fall_winter_2023_original_SR_HE_KI_KH23_180443-904_180452-000_31.12.2024_RGB_v1-300x450.jpg 300w\" sizes=\"(max-width: 400px) 100vw, 400px\" \/><figcaption class=\"wp-element-caption\">Den Advent feiern wir bei SCHIESSER am liebsten im Weihnachtspyjama!<\/figcaption><\/figure><\/div>\n\n\n<h3>Wir warten auf Weihnachten&#8230;und den Wichtel! <\/h3>\n\n\n\n<p>Der Weihnachtsmann und das Christkind haben in der Adventszeit jede Menge zu tun. Zum Gl\u00fcck haben sie Unterst\u00fctzung: Gleich eine ganze Mannschaft an Wichteln hilft beim Lesen der Wunschlisten, Herstellen wie Verpacken der Geschenke und Allem, was sonst ansteht. <\/p>\n\n\n\n<p>Alle, die diese Geschichten m\u00f6gen, k\u00f6nnen sie in der Vorweihnachtszeit aufleben lassen und die Wichtel in das eigene Zuhause einladen. Daf\u00fcr braucht es eine Wichtelt\u00fcr, die h\u00fcbsch dekoriert eines der magischen Wesen ins Haus lockt. Nun ist die Fantasie gefragt, denn jeden Tag kann der Wichtel f\u00fcr neue \u00dcberraschungen sorgen: Mal ist ein Pl\u00e4tzchen angeknabbert, dann wieder Socken vertauscht und wenn alle Kinder brav sind, liegt auch mal ein kleines Geschenk parat. <\/p>\n\n\n\n<p>Diese skandinavische Tradition macht der ganzen Familie Spa\u00df und ist besonders etwas f\u00fcr kreative Menschen. <\/p>\n\n\n\n<p><\/p>\n\n\n\n<p><\/p>\n\n\n\n<div style=\"height:20px\" aria-hidden=\"true\" class=\"wp-block-spacer\"><\/div>\n\n\n<div class=\"wp-block-image\">\n<figure class=\"aligncenter size-full\"><img decoding=\"async\" width=\"600\" height=\"400\" src=\"https:\/\/www.schiesser.com\/magazin\/wp-content\/uploads\/SCHIESSER_fall_winter_2023_original_SR_KIDS_KH23_XMAS_180452-000_180450-502_2_31.12.2024_v3.jpg\" alt=\"\" class=\"wp-image-7130\" srcset=\"https:\/\/www.schiesser.com\/magazin\/wp-content\/uploads\/SCHIESSER_fall_winter_2023_original_SR_KIDS_KH23_XMAS_180452-000_180450-502_2_31.12.2024_v3.jpg 600w, https:\/\/www.schiesser.com\/magazin\/wp-content\/uploads\/SCHIESSER_fall_winter_2023_original_SR_KIDS_KH23_XMAS_180452-000_180450-502_2_31.12.2024_v3-300x200.jpg 300w, https:\/\/www.schiesser.com\/magazin\/wp-content\/uploads\/SCHIESSER_fall_winter_2023_original_SR_KIDS_KH23_XMAS_180452-000_180450-502_2_31.12.2024_v3-285x190.jpg 285w, https:\/\/www.schiesser.com\/magazin\/wp-content\/uploads\/SCHIESSER_fall_winter_2023_original_SR_KIDS_KH23_XMAS_180452-000_180450-502_2_31.12.2024_v3-100x67.jpg 100w, https:\/\/www.schiesser.com\/magazin\/wp-content\/uploads\/SCHIESSER_fall_winter_2023_original_SR_KIDS_KH23_XMAS_180452-000_180450-502_2_31.12.2024_v3-150x100.jpg 150w, https:\/\/www.schiesser.com\/magazin\/wp-content\/uploads\/SCHIESSER_fall_winter_2023_original_SR_KIDS_KH23_XMAS_180452-000_180450-502_2_31.12.2024_v3-200x133.jpg 200w, https:\/\/www.schiesser.com\/magazin\/wp-content\/uploads\/SCHIESSER_fall_winter_2023_original_SR_KIDS_KH23_XMAS_180452-000_180450-502_2_31.12.2024_v3-450x300.jpg 450w\" sizes=\"(max-width: 600px) 100vw, 600px\" \/><figcaption class=\"wp-element-caption\">Im Weihnachtspyjama macht die Adventszeit noch mehr Freude!<\/figcaption><\/figure><\/div>\n\n\n<div style=\"height:20px\" aria-hidden=\"true\" class=\"wp-block-spacer\"><\/div>\n\n\n\n<h3>Der Adventskalender &#8211; jeden Tag ein T\u00fcrchen<\/h3>\n\n\n\n<p>Es gibt ihn klassisch mit Schokolade, luxuri\u00f6s mit edlen D\u00fcften oder pers\u00f6nlich mit selbstgebastelten Kleinigkeiten; die Rede ist vom Adventskalender. Seit dem 19. Jahrhundert geh\u00f6ren <a href=\"https:\/\/de.wikipedia.org\/wiki\/Adventskalender\" target=\"_blank\" rel=\"noreferrer noopener\">Adventskalender<\/a> zum christlichen Brauchtum und helfen uns beim geduldigen Warten auf das Christkind. Bei SCHIESSER m\u00f6gen wir die selbstgemachten Kalender am liebsten, zum Beispiel einen aus <a href=\"https:\/\/www.schiesser.com\/magazin\/wp-admin\/post.php?post=3109&amp;action=edit\" target=\"_blank\" rel=\"noreferrer noopener\">Socken<\/a>. In jedem S\u00e4ckchen &#8211; oder S\u00f6ckchen &#8211; steckt 24 Tage lang eine kleine \u00dcberraschung. Der  Fantasie sind keine Grenzen gesetzt: Etwas zum Naschen, gesunde N\u00fcsse, ein kleiner Gutschein, ein selbst gemaltes Bild &#8211; schon die Kleinsten in der Familie d\u00fcrfen mitmachen und damit eine wundersch\u00f6ne Weihnachtszeit gestalten. <\/p>\n\n\n\n<div style=\"height:20px\" aria-hidden=\"true\" class=\"wp-block-spacer\"><\/div>\n\n\n\n<figure class=\"is-layout-flex wp-block-gallery-1 wp-block-gallery has-nested-images columns-default is-cropped\">\n<figure class=\"wp-block-image size-large\"><a href=\"https:\/\/www.schiesser.com\/herrenbekleidung-nachtwaesche-schlafanzuege-pyjama-lang-webware-organic-cotton-knopfleiste-mehrfarbig-x-mas.html?listtype=search&amp;searchparam=x-mas\" target=\"_blank\" rel=\"noreferrer noopener\"><img decoding=\"async\" width=\"710\" height=\"1024\" data-id=\"7133\"  src=\"https:\/\/www.schiesser.com\/magazin\/wp-content\/uploads\/Bildschirmfoto-2023-11-14-um-08.46.18-710x1024.png\" alt=\"\" class=\"wp-image-7133\" srcset=\"https:\/\/www.schiesser.com\/magazin\/wp-content\/uploads\/Bildschirmfoto-2023-11-14-um-08.46.18-710x1024.png 710w, https:\/\/www.schiesser.com\/magazin\/wp-content\/uploads\/Bildschirmfoto-2023-11-14-um-08.46.18-208x300.png 208w, https:\/\/www.schiesser.com\/magazin\/wp-content\/uploads\/Bildschirmfoto-2023-11-14-um-08.46.18-768x1108.png 768w, https:\/\/www.schiesser.com\/magazin\/wp-content\/uploads\/Bildschirmfoto-2023-11-14-um-08.46.18-132x190.png 132w, https:\/\/www.schiesser.com\/magazin\/wp-content\/uploads\/Bildschirmfoto-2023-11-14-um-08.46.18-277x400.png 277w, https:\/\/www.schiesser.com\/magazin\/wp-content\/uploads\/Bildschirmfoto-2023-11-14-um-08.46.18-600x866.png 600w, https:\/\/www.schiesser.com\/magazin\/wp-content\/uploads\/Bildschirmfoto-2023-11-14-um-08.46.18-100x144.png 100w, https:\/\/www.schiesser.com\/magazin\/wp-content\/uploads\/Bildschirmfoto-2023-11-14-um-08.46.18-150x216.png 150w, https:\/\/www.schiesser.com\/magazin\/wp-content\/uploads\/Bildschirmfoto-2023-11-14-um-08.46.18-200x289.png 200w, https:\/\/www.schiesser.com\/magazin\/wp-content\/uploads\/Bildschirmfoto-2023-11-14-um-08.46.18-300x433.png 300w, https:\/\/www.schiesser.com\/magazin\/wp-content\/uploads\/Bildschirmfoto-2023-11-14-um-08.46.18-450x649.png 450w, https:\/\/www.schiesser.com\/magazin\/wp-content\/uploads\/Bildschirmfoto-2023-11-14-um-08.46.18-900x1298.png 900w, https:\/\/www.schiesser.com\/magazin\/wp-content\/uploads\/Bildschirmfoto-2023-11-14-um-08.46.18.png 1012w\" sizes=\"(max-width: 710px) 100vw, 710px\" \/><\/a><\/figure>\n\n\n\n<figure class=\"wp-block-image size-large\"><a href=\"https:\/\/www.schiesser.com\/kinderbekleidung-maedchen-nachtwaesche-schlafanzuege-schlafanzug-lang-buendchen-metallic-effekt-herz-sterne-bordeaux-family.html?listtype=search&amp;searchparam=family\" target=\"_blank\" rel=\"noreferrer noopener\"><img decoding=\"async\" width=\"708\" height=\"1024\" data-id=\"7134\"  src=\"https:\/\/www.schiesser.com\/magazin\/wp-content\/uploads\/Bildschirmfoto-2023-11-14-um-08.47.17-708x1024.png\" alt=\"\" class=\"wp-image-7134\" srcset=\"https:\/\/www.schiesser.com\/magazin\/wp-content\/uploads\/Bildschirmfoto-2023-11-14-um-08.47.17-708x1024.png 708w, https:\/\/www.schiesser.com\/magazin\/wp-content\/uploads\/Bildschirmfoto-2023-11-14-um-08.47.17-208x300.png 208w, https:\/\/www.schiesser.com\/magazin\/wp-content\/uploads\/Bildschirmfoto-2023-11-14-um-08.47.17-768x1110.png 768w, https:\/\/www.schiesser.com\/magazin\/wp-content\/uploads\/Bildschirmfoto-2023-11-14-um-08.47.17-131x190.png 131w, https:\/\/www.schiesser.com\/magazin\/wp-content\/uploads\/Bildschirmfoto-2023-11-14-um-08.47.17-277x400.png 277w, https:\/\/www.schiesser.com\/magazin\/wp-content\/uploads\/Bildschirmfoto-2023-11-14-um-08.47.17-600x867.png 600w, https:\/\/www.schiesser.com\/magazin\/wp-content\/uploads\/Bildschirmfoto-2023-11-14-um-08.47.17-100x145.png 100w, https:\/\/www.schiesser.com\/magazin\/wp-content\/uploads\/Bildschirmfoto-2023-11-14-um-08.47.17-150x217.png 150w, https:\/\/www.schiesser.com\/magazin\/wp-content\/uploads\/Bildschirmfoto-2023-11-14-um-08.47.17-200x289.png 200w, https:\/\/www.schiesser.com\/magazin\/wp-content\/uploads\/Bildschirmfoto-2023-11-14-um-08.47.17-300x434.png 300w, https:\/\/www.schiesser.com\/magazin\/wp-content\/uploads\/Bildschirmfoto-2023-11-14-um-08.47.17-450x650.png 450w, https:\/\/www.schiesser.com\/magazin\/wp-content\/uploads\/Bildschirmfoto-2023-11-14-um-08.47.17-900x1301.png 900w, https:\/\/www.schiesser.com\/magazin\/wp-content\/uploads\/Bildschirmfoto-2023-11-14-um-08.47.17.png 1010w\" sizes=\"(max-width: 708px) 100vw, 708px\" \/><\/a><\/figure>\n\n\n\n<figure class=\"wp-block-image size-large\"><a href=\"https:\/\/www.schiesser.com\/damenbekleidung-nachtwaesche-nachthemden-sleepshirt-langarm-flanell-bio-baumwolle-knopfleiste-karos-multicolor-x-mas.html?listtype=search&amp;searchparam=x-mas\" target=\"_blank\" rel=\"noreferrer noopener\"><img decoding=\"async\" width=\"708\" height=\"1024\" data-id=\"7132\"  src=\"https:\/\/www.schiesser.com\/magazin\/wp-content\/uploads\/Bildschirmfoto-2023-11-14-um-08.45.24-708x1024.png\" alt=\"\" class=\"wp-image-7132\" srcset=\"https:\/\/www.schiesser.com\/magazin\/wp-content\/uploads\/Bildschirmfoto-2023-11-14-um-08.45.24-708x1024.png 708w, https:\/\/www.schiesser.com\/magazin\/wp-content\/uploads\/Bildschirmfoto-2023-11-14-um-08.45.24-207x300.png 207w, https:\/\/www.schiesser.com\/magazin\/wp-content\/uploads\/Bildschirmfoto-2023-11-14-um-08.45.24-768x1111.png 768w, https:\/\/www.schiesser.com\/magazin\/wp-content\/uploads\/Bildschirmfoto-2023-11-14-um-08.45.24-131x190.png 131w, https:\/\/www.schiesser.com\/magazin\/wp-content\/uploads\/Bildschirmfoto-2023-11-14-um-08.45.24-277x400.png 277w, https:\/\/www.schiesser.com\/magazin\/wp-content\/uploads\/Bildschirmfoto-2023-11-14-um-08.45.24-600x868.png 600w, https:\/\/www.schiesser.com\/magazin\/wp-content\/uploads\/Bildschirmfoto-2023-11-14-um-08.45.24-100x145.png 100w, https:\/\/www.schiesser.com\/magazin\/wp-content\/uploads\/Bildschirmfoto-2023-11-14-um-08.45.24-150x217.png 150w, https:\/\/www.schiesser.com\/magazin\/wp-content\/uploads\/Bildschirmfoto-2023-11-14-um-08.45.24-200x289.png 200w, https:\/\/www.schiesser.com\/magazin\/wp-content\/uploads\/Bildschirmfoto-2023-11-14-um-08.45.24-300x434.png 300w, https:\/\/www.schiesser.com\/magazin\/wp-content\/uploads\/Bildschirmfoto-2023-11-14-um-08.45.24-450x651.png 450w, https:\/\/www.schiesser.com\/magazin\/wp-content\/uploads\/Bildschirmfoto-2023-11-14-um-08.45.24-900x1302.png 900w, https:\/\/www.schiesser.com\/magazin\/wp-content\/uploads\/Bildschirmfoto-2023-11-14-um-08.45.24.png 1008w\" sizes=\"(max-width: 708px) 100vw, 708px\" \/><\/a><\/figure>\n<figcaption class=\"blocks-gallery-caption wp-element-caption\">In diesen gem\u00fctlichen Schlafanz\u00fcgen wird die Adventszeit noch sch\u00f6ner!<\/figcaption><\/figure>\n\n\n\n<div style=\"height:30px\" aria-hidden=\"true\" class=\"wp-block-spacer\"><\/div>\n\n\n\n<h3>Stiefel putzen f\u00fcr den Nikolaus &#8211; nat\u00fcrlich im Weihnachtspyjama<\/h3>\n\n\n\n<p>Neben dem Wichtel erwarten wir in der Zeit vor Weihnachten noch einen weiteren, wichtigen Gast: den Nikolaus! Am Vorabend des 6. Dezembers hei\u00dft es dann: Stiefel putzen! Ein warmer Weihnachtspyjama, besinnliche Musik, ein paar Pl\u00e4tzchen und schon kann das Schrubben und B\u00fcrsten beginnen. Obligatorisch d\u00fcrfen die Portion Pl\u00e4tzchen und ein Glas Milch f\u00fcr den Nikolaus nicht fehlen, denn so ist der Stiefel besonders gut gef\u00fcllt! <\/p>\n\n\n\n<div style=\"height:15px\" aria-hidden=\"true\" class=\"wp-block-spacer\"><\/div>\n\n\n\n<p><strong>Du suchst noch nach dem perfekten Look f\u00fcr die Adventszeit?<\/strong><\/p>\n\n\n\n<div class=\"is-horizontal is-content-justification-center is-layout-flex wp-container-3 wp-block-buttons\">\n<div class=\"wp-block-button has-custom-width wp-block-button__width-50 has-custom-font-size has-small-font-size\"><a class=\"wp-block-button__link has-button-hover-text-color-background-color has-text-color has-background wp-element-button\" href=\"https:\/\/www.schiesser.com\/magazin\/jetzt-wirds-gemuetlich-am-liebsten-im-weihnachtspyjama\/\" style=\"border-radius:50px;color:#ffffff\" target=\"_blank\" rel=\"noreferrer noopener\">Hier bekommst du ein paar Inspirationen!<\/a><\/div>\n<\/div>\n\n\n\n<div style=\"height:30px\" aria-hidden=\"true\" class=\"wp-block-spacer\"><\/div>\n\n\n\n<p><\/p>\n\n\n\n<h3>Wir schm\u00fccken den Baum &#8211; Weihnachten kann kommen! <\/h3>\n\n\n\n<p>So richtig weihnachtlich wird es erst, wenn der Christbaum steht. Viele holen ihren Tannenbaum an Heiligabend, andere Familien genie\u00dfen die sch\u00f6n geschm\u00fcckte Nordmanntanne aber auch schon fr\u00fcher &#8211; Vorfreude ist schlie\u00dflich die sch\u00f6nste Freude! Eine weitere Tradition vor Weihnachten ist es, den Christbaum-Schmuck selbst zu basteln. Von Zuckerstangen aus bunten Glasperlen, Sternen aus Holz oder Anh\u00e4ngern aus Filz sind der Kreativit\u00e4t keine Grenzen gesetzt. Eine weitere Variante ist es, den Schmuck aus s\u00fc\u00dfem Lebkuchen zu gestalten. Nat\u00fcrlich d\u00fcrfen die h\u00fcbschen Kringel und Lebkuchenm\u00e4nner nach Heiligabend auch gegessen werden. Ganz gem\u00fctlich im warmen Weihnachtspyjama! <\/p>\n\n\n\n<div style=\"height:20px\" aria-hidden=\"true\" class=\"wp-block-spacer\"><\/div>\n\n\n<div class=\"wp-block-image\">\n<figure class=\"aligncenter size-full\"><img decoding=\"async\" width=\"400\" height=\"573\" src=\"https:\/\/www.schiesser.com\/magazin\/wp-content\/uploads\/SCHIESSER_fall_winter_2023_original_SR_KIDS_KH23_180450-502_31.12.2024_A5_RGBv2_v1.jpg\" alt=\"\" class=\"wp-image-7135\" srcset=\"https:\/\/www.schiesser.com\/magazin\/wp-content\/uploads\/SCHIESSER_fall_winter_2023_original_SR_KIDS_KH23_180450-502_31.12.2024_A5_RGBv2_v1.jpg 400w, https:\/\/www.schiesser.com\/magazin\/wp-content\/uploads\/SCHIESSER_fall_winter_2023_original_SR_KIDS_KH23_180450-502_31.12.2024_A5_RGBv2_v1-209x300.jpg 209w, https:\/\/www.schiesser.com\/magazin\/wp-content\/uploads\/SCHIESSER_fall_winter_2023_original_SR_KIDS_KH23_180450-502_31.12.2024_A5_RGBv2_v1-133x190.jpg 133w, https:\/\/www.schiesser.com\/magazin\/wp-content\/uploads\/SCHIESSER_fall_winter_2023_original_SR_KIDS_KH23_180450-502_31.12.2024_A5_RGBv2_v1-279x400.jpg 279w, https:\/\/www.schiesser.com\/magazin\/wp-content\/uploads\/SCHIESSER_fall_winter_2023_original_SR_KIDS_KH23_180450-502_31.12.2024_A5_RGBv2_v1-100x143.jpg 100w, https:\/\/www.schiesser.com\/magazin\/wp-content\/uploads\/SCHIESSER_fall_winter_2023_original_SR_KIDS_KH23_180450-502_31.12.2024_A5_RGBv2_v1-150x215.jpg 150w, https:\/\/www.schiesser.com\/magazin\/wp-content\/uploads\/SCHIESSER_fall_winter_2023_original_SR_KIDS_KH23_180450-502_31.12.2024_A5_RGBv2_v1-200x287.jpg 200w, https:\/\/www.schiesser.com\/magazin\/wp-content\/uploads\/SCHIESSER_fall_winter_2023_original_SR_KIDS_KH23_180450-502_31.12.2024_A5_RGBv2_v1-300x430.jpg 300w\" sizes=\"(max-width: 400px) 100vw, 400px\" \/><figcaption class=\"wp-element-caption\">Christbaumschm\u00fccken im Weihnachtspyjama &#8211; was k\u00f6nne es Sch\u00f6neres geben in der Adventszeit?<\/figcaption><\/figure><\/div>\n\n\n<div style=\"height:30px\" aria-hidden=\"true\" class=\"wp-block-spacer\"><\/div>\n\n\n\n<p class=\"has-text-align-left\"><strong><em>SCHIESSER w\u00fcnscht dir und deinen Lieben eine wundersch\u00f6ne Adventszeit! <\/em><\/strong>Und falls du noch einen h\u00fcbschen Weihnachtspyjama suchst: <a href=\"https:\/\/www.schiesser.com\/index.php?cl=search&amp;searchparam=&amp;cl=search&amp;searchparam=family\" target=\"_blank\" rel=\"noreferrer noopener\">Hier <\/a>wirst du f\u00fcndig! <\/p>\n","protected":false},"excerpt":{"rendered":"<p>Die sch\u00f6nsten Weihnachtstraditionen f\u00fcr die ganze Familie Weihnachten \u2013 allein das Wort weckt Assoziationen. Eng damit verwoben sind die Traditionen, mit denen wir aufgewachsen sind, die wir fortf\u00fchren oder an die wir uns gerne erinnern. Welche dieser typischen Traditionen f\u00fcr die Adventszeit und Weihnachten kennst du? Bei SCHIESSER feiern wir Heiligabend ja am liebsten im Weihnachtspyjama, logisch.<\/p>\n","protected":false},"author":17,"featured_media":7084,"comment_status":"open","ping_status":"open","sticky":false,"template":"","format":"standard","meta":[],"categories":[1],"tags":[],"yoast_head":"<!-- This site is optimized with the Yoast SEO plugin v20.2 - https:\/\/yoast.com\/wordpress\/plugins\/seo\/ -->\n<title>Advent im Weihnachtspyjama - Schiesser<\/title>\n<meta name=\"description\" content=\"Was ist deine sch\u00f6nste Weihnachtstradition? Wir feiern Heiligabend am liebsten im Weihnachtspyjama. Mehr Ideen jetzt im SCHIESSER Magazin!\" \/>\n<meta name=\"robots\" content=\"index, follow, max-snippet:-1, max-image-preview:large, max-video-preview:-1\" \/>\n<link rel=\"canonical\" href=\"https:\/\/www.schiesser.com\/magazin\/weihnachten-im-schlaf-anzug\/\" \/>\n<meta property=\"og:locale\" content=\"de_DE\" \/>\n<meta property=\"og:type\" content=\"article\" \/>\n<meta property=\"og:title\" content=\"Advent im Weihnachtspyjama - Schiesser\" \/>\n<meta property=\"og:description\" content=\"Was ist deine sch\u00f6nste Weihnachtstradition? Wir feiern Heiligabend am liebsten im Weihnachtspyjama. Mehr Ideen jetzt im SCHIESSER Magazin!\" \/>\n<meta property=\"og:url\" content=\"https:\/\/www.schiesser.com\/magazin\/weihnachten-im-schlaf-anzug\/\" \/>\n<meta property=\"og:site_name\" content=\"Schiesser\" \/>\n<meta property=\"article:publisher\" content=\"https:\/\/www.facebook.com\/SCHIESSERGmbH1875\" \/>\n<meta property=\"article:published_time\" content=\"2023-11-29T05:00:00+00:00\" \/>\n<meta property=\"article:modified_time\" content=\"2023-11-27T15:52:10+00:00\" \/>\n<meta property=\"og:image\" content=\"https:\/\/www.schiesser.com\/magazin\/wp-content\/uploads\/SCHIESSER_fall_winter_2023_original_SR_HE_KI_KH23_180443-904_180452-000_31.12.2024_RGB_v1.jpg\" \/>\n\t<meta property=\"og:image:width\" content=\"400\" \/>\n\t<meta property=\"og:image:height\" content=\"600\" \/>\n\t<meta property=\"og:image:type\" content=\"image\/jpeg\" \/>\n<meta name=\"author\" content=\"SCHIESSER AG\" \/>\n<meta name=\"twitter:card\" content=\"summary_large_image\" \/>\n<meta name=\"twitter:creator\" content=\"@schiessergmbh\" \/>\n<meta name=\"twitter:site\" content=\"@schiessergmbh\" \/>\n<meta name=\"twitter:label1\" content=\"Verfasst von\" \/>\n\t<meta name=\"twitter:data1\" content=\"SCHIESSER AG\" \/>\n\t<meta name=\"twitter:label2\" content=\"Gesch\u00e4tzte Lesezeit\" \/>\n\t<meta name=\"twitter:data2\" content=\"5 Minuten\" \/>\n<script type=\"application\/ld+json\" class=\"yoast-schema-graph\">{\"@context\":\"https:\/\/schema.org\",\"@graph\":[{\"@type\":\"Article\",\"@id\":\"https:\/\/www.schiesser.com\/magazin\/weihnachten-im-schlaf-anzug\/#article\",\"isPartOf\":{\"@id\":\"https:\/\/www.schiesser.com\/magazin\/weihnachten-im-schlaf-anzug\/\"},\"author\":{\"name\":\"SCHIESSER AG\",\"@id\":\"https:\/\/www.schiesser.com\/magazin\/#\/schema\/person\/f75b44d14aab6b40c25a59671a4bee66\"},\"headline\":\"Advent im Weihnachtspyjama\",\"datePublished\":\"2023-11-29T05:00:00+00:00\",\"dateModified\":\"2023-11-27T15:52:10+00:00\",\"mainEntityOfPage\":{\"@id\":\"https:\/\/www.schiesser.com\/magazin\/weihnachten-im-schlaf-anzug\/\"},\"wordCount\":606,\"commentCount\":0,\"publisher\":{\"@id\":\"https:\/\/www.schiesser.com\/magazin\/#organization\"},\"articleSection\":[\"Aktuelles\"],\"inLanguage\":\"de-DE\",\"potentialAction\":[{\"@type\":\"CommentAction\",\"name\":\"Comment\",\"target\":[\"https:\/\/www.schiesser.com\/magazin\/weihnachten-im-schlaf-anzug\/#respond\"]}]},{\"@type\":\"WebPage\",\"@id\":\"https:\/\/www.schiesser.com\/magazin\/weihnachten-im-schlaf-anzug\/\",\"url\":\"https:\/\/www.schiesser.com\/magazin\/weihnachten-im-schlaf-anzug\/\",\"name\":\"Advent im Weihnachtspyjama - Schiesser\",\"isPartOf\":{\"@id\":\"https:\/\/www.schiesser.com\/magazin\/#website\"},\"datePublished\":\"2023-11-29T05:00:00+00:00\",\"dateModified\":\"2023-11-27T15:52:10+00:00\",\"description\":\"Was ist deine sch\u00f6nste Weihnachtstradition? Wir feiern Heiligabend am liebsten im Weihnachtspyjama. Mehr Ideen jetzt im SCHIESSER Magazin!\",\"breadcrumb\":{\"@id\":\"https:\/\/www.schiesser.com\/magazin\/weihnachten-im-schlaf-anzug\/#breadcrumb\"},\"inLanguage\":\"de-DE\",\"potentialAction\":[{\"@type\":\"ReadAction\",\"target\":[\"https:\/\/www.schiesser.com\/magazin\/weihnachten-im-schlaf-anzug\/\"]}]},{\"@type\":\"BreadcrumbList\",\"@id\":\"https:\/\/www.schiesser.com\/magazin\/weihnachten-im-schlaf-anzug\/#breadcrumb\",\"itemListElement\":[{\"@type\":\"ListItem\",\"position\":1,\"name\":\"Home\",\"item\":\"https:\/\/www.schiesser.com\/magazin\/\"},{\"@type\":\"ListItem\",\"position\":2,\"name\":\"Advent im Weihnachtspyjama\"}]},{\"@type\":\"WebSite\",\"@id\":\"https:\/\/www.schiesser.com\/magazin\/#website\",\"url\":\"https:\/\/www.schiesser.com\/magazin\/\",\"name\":\"Schiesser\",\"description\":\"Nat\u00fcrlich. Zeitgeist. Seit 1875\",\"publisher\":{\"@id\":\"https:\/\/www.schiesser.com\/magazin\/#organization\"},\"potentialAction\":[{\"@type\":\"SearchAction\",\"target\":{\"@type\":\"EntryPoint\",\"urlTemplate\":\"https:\/\/www.schiesser.com\/magazin\/?s={search_term_string}\"},\"query-input\":\"required name=search_term_string\"}],\"inLanguage\":\"de-DE\"},{\"@type\":\"Organization\",\"@id\":\"https:\/\/www.schiesser.com\/magazin\/#organization\",\"name\":\"Schiesser GmbH\",\"url\":\"https:\/\/www.schiesser.com\/magazin\/\",\"logo\":{\"@type\":\"ImageObject\",\"inLanguage\":\"de-DE\",\"@id\":\"https:\/\/www.schiesser.com\/magazin\/#\/schema\/logo\/image\/\",\"url\":\"https:\/\/www.schiesser.com\/magazin\/wp-content\/uploads\/logo.png\",\"contentUrl\":\"https:\/\/www.schiesser.com\/magazin\/wp-content\/uploads\/logo.png\",\"width\":245,\"height\":42,\"caption\":\"Schiesser GmbH\"},\"image\":{\"@id\":\"https:\/\/www.schiesser.com\/magazin\/#\/schema\/logo\/image\/\"},\"sameAs\":[\"https:\/\/www.facebook.com\/SCHIESSERGmbH1875\",\"https:\/\/twitter.com\/schiessergmbh\",\"https:\/\/www.instagram.com\/schiesser\/\",\"https:\/\/www.pinterest.de\/schiessergmbh\/\",\"https:\/\/www.youtube.com\/channel\/UCCe2pgIFNVcYnfvpt34fGMw\"]},{\"@type\":\"Person\",\"@id\":\"https:\/\/www.schiesser.com\/magazin\/#\/schema\/person\/f75b44d14aab6b40c25a59671a4bee66\",\"name\":\"SCHIESSER AG\",\"image\":{\"@type\":\"ImageObject\",\"inLanguage\":\"de-DE\",\"@id\":\"https:\/\/www.schiesser.com\/magazin\/#\/schema\/person\/image\/\",\"url\":\"https:\/\/www.schiesser.com\/magazin\/wp-content\/uploads\/Grosses-S-100x100.png\",\"contentUrl\":\"https:\/\/www.schiesser.com\/magazin\/wp-content\/uploads\/Grosses-S-100x100.png\",\"caption\":\"SCHIESSER AG\"},\"url\":\"https:\/\/www.schiesser.com\/magazin\/author\/c-tuebbergen\/\"}]}<\/script>\n<!-- \/ Yoast SEO plugin. -->","yoast_head_json":{"title":"Advent im Weihnachtspyjama - Schiesser","description":"Was ist deine sch\u00f6nste Weihnachtstradition? Wir feiern Heiligabend am liebsten im Weihnachtspyjama. Mehr Ideen jetzt im SCHIESSER Magazin!","robots":{"index":"index","follow":"follow","max-snippet":"max-snippet:-1","max-image-preview":"max-image-preview:large","max-video-preview":"max-video-preview:-1"},"canonical":"https:\/\/www.schiesser.com\/magazin\/weihnachten-im-schlaf-anzug\/","og_locale":"de_DE","og_type":"article","og_title":"Advent im Weihnachtspyjama - Schiesser","og_description":"Was ist deine sch\u00f6nste Weihnachtstradition? Wir feiern Heiligabend am liebsten im Weihnachtspyjama. Mehr Ideen jetzt im SCHIESSER Magazin!","og_url":"https:\/\/www.schiesser.com\/magazin\/weihnachten-im-schlaf-anzug\/","og_site_name":"Schiesser","article_publisher":"https:\/\/www.facebook.com\/SCHIESSERGmbH1875","article_published_time":"2023-11-29T05:00:00+00:00","article_modified_time":"2023-11-27T15:52:10+00:00","og_image":[{"width":400,"height":600,"url":"https:\/\/www.schiesser.com\/magazin\/wp-content\/uploads\/SCHIESSER_fall_winter_2023_original_SR_HE_KI_KH23_180443-904_180452-000_31.12.2024_RGB_v1.jpg","type":"image\/jpeg"}],"author":"SCHIESSER AG","twitter_card":"summary_large_image","twitter_creator":"@schiessergmbh","twitter_site":"@schiessergmbh","twitter_misc":{"Verfasst von":"SCHIESSER AG","Gesch\u00e4tzte Lesezeit":"5 Minuten"},"schema":{"@context":"https:\/\/schema.org","@graph":[{"@type":"Article","@id":"https:\/\/www.schiesser.com\/magazin\/weihnachten-im-schlaf-anzug\/#article","isPartOf":{"@id":"https:\/\/www.schiesser.com\/magazin\/weihnachten-im-schlaf-anzug\/"},"author":{"name":"SCHIESSER AG","@id":"https:\/\/www.schiesser.com\/magazin\/#\/schema\/person\/f75b44d14aab6b40c25a59671a4bee66"},"headline":"Advent im Weihnachtspyjama","datePublished":"2023-11-29T05:00:00+00:00","dateModified":"2023-11-27T15:52:10+00:00","mainEntityOfPage":{"@id":"https:\/\/www.schiesser.com\/magazin\/weihnachten-im-schlaf-anzug\/"},"wordCount":606,"commentCount":0,"publisher":{"@id":"https:\/\/www.schiesser.com\/magazin\/#organization"},"articleSection":["Aktuelles"],"inLanguage":"de-DE","potentialAction":[{"@type":"CommentAction","name":"Comment","target":["https:\/\/www.schiesser.com\/magazin\/weihnachten-im-schlaf-anzug\/#respond"]}]},{"@type":"WebPage","@id":"https:\/\/www.schiesser.com\/magazin\/weihnachten-im-schlaf-anzug\/","url":"https:\/\/www.schiesser.com\/magazin\/weihnachten-im-schlaf-anzug\/","name":"Advent im Weihnachtspyjama - Schiesser","isPartOf":{"@id":"https:\/\/www.schiesser.com\/magazin\/#website"},"datePublished":"2023-11-29T05:00:00+00:00","dateModified":"2023-11-27T15:52:10+00:00","description":"Was ist deine sch\u00f6nste Weihnachtstradition? Wir feiern Heiligabend am liebsten im Weihnachtspyjama. Mehr Ideen jetzt im SCHIESSER Magazin!","breadcrumb":{"@id":"https:\/\/www.schiesser.com\/magazin\/weihnachten-im-schlaf-anzug\/#breadcrumb"},"inLanguage":"de-DE","potentialAction":[{"@type":"ReadAction","target":["https:\/\/www.schiesser.com\/magazin\/weihnachten-im-schlaf-anzug\/"]}]},{"@type":"BreadcrumbList","@id":"https:\/\/www.schiesser.com\/magazin\/weihnachten-im-schlaf-anzug\/#breadcrumb","itemListElement":[{"@type":"ListItem","position":1,"name":"Home","item":"https:\/\/www.schiesser.com\/magazin\/"},{"@type":"ListItem","position":2,"name":"Advent im Weihnachtspyjama"}]},{"@type":"WebSite","@id":"https:\/\/www.schiesser.com\/magazin\/#website","url":"https:\/\/www.schiesser.com\/magazin\/","name":"Schiesser","description":"Nat\u00fcrlich. Zeitgeist. Seit 1875","publisher":{"@id":"https:\/\/www.schiesser.com\/magazin\/#organization"},"potentialAction":[{"@type":"SearchAction","target":{"@type":"EntryPoint","urlTemplate":"https:\/\/www.schiesser.com\/magazin\/?s={search_term_string}"},"query-input":"required name=search_term_string"}],"inLanguage":"de-DE"},{"@type":"Organization","@id":"https:\/\/www.schiesser.com\/magazin\/#organization","name":"Schiesser GmbH","url":"https:\/\/www.schiesser.com\/magazin\/","logo":{"@type":"ImageObject","inLanguage":"de-DE","@id":"https:\/\/www.schiesser.com\/magazin\/#\/schema\/logo\/image\/","url":"https:\/\/www.schiesser.com\/magazin\/wp-content\/uploads\/logo.png","contentUrl":"https:\/\/www.schiesser.com\/magazin\/wp-content\/uploads\/logo.png","width":245,"height":42,"caption":"Schiesser GmbH"},"image":{"@id":"https:\/\/www.schiesser.com\/magazin\/#\/schema\/logo\/image\/"},"sameAs":["https:\/\/www.facebook.com\/SCHIESSERGmbH1875","https:\/\/twitter.com\/schiessergmbh","https:\/\/www.instagram.com\/schiesser\/","https:\/\/www.pinterest.de\/schiessergmbh\/","https:\/\/www.youtube.com\/channel\/UCCe2pgIFNVcYnfvpt34fGMw"]},{"@type":"Person","@id":"https:\/\/www.schiesser.com\/magazin\/#\/schema\/person\/f75b44d14aab6b40c25a59671a4bee66","name":"SCHIESSER AG","image":{"@type":"ImageObject","inLanguage":"de-DE","@id":"https:\/\/www.schiesser.com\/magazin\/#\/schema\/person\/image\/","url":"https:\/\/www.schiesser.com\/magazin\/wp-content\/uploads\/Grosses-S-100x100.png","contentUrl":"https:\/\/www.schiesser.com\/magazin\/wp-content\/uploads\/Grosses-S-100x100.png","caption":"SCHIESSER AG"},"url":"https:\/\/www.schiesser.com\/magazin\/author\/c-tuebbergen\/"}]}},"_links":{"self":[{"href":"https:\/\/www.schiesser.com\/magazin\/wp-json\/wp\/v2\/posts\/7129"}],"collection":[{"href":"https:\/\/www.schiesser.com\/magazin\/wp-json\/wp\/v2\/posts"}],"about":[{"href":"https:\/\/www.schiesser.com\/magazin\/wp-json\/wp\/v2\/types\/post"}],"author":[{"embeddable":true,"href":"https:\/\/www.schiesser.com\/magazin\/wp-json\/wp\/v2\/users\/17"}],"replies":[{"embeddable":true,"href":"https:\/\/www.schiesser.com\/magazin\/wp-json\/wp\/v2\/comments?post=7129"}],"version-history":[{"count":9,"href":"https:\/\/www.schiesser.com\/magazin\/wp-json\/wp\/v2\/posts\/7129\/revisions"}],"predecessor-version":[{"id":7170,"href":"https:\/\/www.schiesser.com\/magazin\/wp-json\/wp\/v2\/posts\/7129\/revisions\/7170"}],"wp:featuredmedia":[{"embeddable":true,"href":"https:\/\/www.schiesser.com\/magazin\/wp-json\/wp\/v2\/media\/7084"}],"wp:attachment":[{"href":"https:\/\/www.schiesser.com\/magazin\/wp-json\/wp\/v2\/media?parent=7129"}],"wp:term":[{"taxonomy":"category","embeddable":true,"href":"https:\/\/www.schiesser.com\/magazin\/wp-json\/wp\/v2\/categories?post=7129"},{"taxonomy":"post_tag","embeddable":true,"href":"https:\/\/www.schiesser.com\/magazin\/wp-json\/wp\/v2\/tags?post=7129"}],"curies":[{"name":"wp","href":"https:\/\/api.w.org\/{rel}","templated":true}]}}